{"id":472,"date":"2024-10-02T06:18:08","date_gmt":"2024-10-02T04:18:08","guid":{"rendered":"https:\/\/www.yslretrospective.com\/index.php\/2024\/10\/02\/revelez-votre-puissance-interieure-le-developpement-personnel-au-feminin\/"},"modified":"2024-10-02T06:18:08","modified_gmt":"2024-10-02T04:18:08","slug":"revelez-votre-puissance-interieure-le-developpement-personnel-au-feminin","status":"publish","type":"post","link":"https:\/\/www.yslretrospective.com\/index.php\/2024\/10\/02\/revelez-votre-puissance-interieure-le-developpement-personnel-au-feminin\/","title":{"rendered":"r\u00e9v\u00e9lez votre puissance int\u00e9rieure : le d\u00e9veloppement personnel au f\u00e9minin"},"content":{"rendered":"<p><!DOCTYPE html><html lang=\"fr\"><head> <meta charset=\"UTF-8\"> <meta name=\"viewport\" content=\"width=device-width, initial-scale=1.0\"> <title>R\u00e9v\u00e9lez Votre Puissance Int\u00e9rieure : Le D\u00e9veloppement Personnel au F\u00e9minin<\/title> <meta name=\"description\" content=\"D\u00e9couvrez comment le d\u00e9veloppement personnel adapt\u00e9 aux femmes peut vous aider \u00e0 r\u00e9v\u00e9ler votre puissance int\u00e9rieure et \u00e0 vivre pleinement.\"> <meta name=\"keywords\" content=\"d\u00e9veloppement personnel femme, \u00e9veil int\u00e9rieur, puissance f\u00e9minine, confiance en soi, routines bien-\u00eatre\"> <\/p>\n<style> body { font-family: Arial, sans-serif; line-height: 1.6; margin: 20px; padding: 0; } h1, h2, h3 { color: #333; } p { color: #555; } ul { list-style-type: disc; margin: 10px 0; padding-left: 20px; } em { font-style: italic; } strong { font-weight: bold; } <\/style>\n<p><\/head><body> <\/p>\n<p>Dans un monde en constante \u00e9volution, le d\u00e9veloppement personnel est devenu un outil essentiel, notamment pour les femmes qui cherchent \u00e0 <strong>r\u00e9v\u00e9ler leur puissance int\u00e9rieure<\/strong>. Cet article vous guidera \u00e0 travers un parcours inspirant vers la d\u00e9couverte et l&rsquo;\u00e9panouissement de votre \u00eatre int\u00e9rieur. Pr\u00eates \u00e0 \u00e9veiller la d\u00e9esse qui sommeille en vous ? Allons-y !<\/p>\n<h2>L&rsquo;\u00c9veil de la D\u00e9esse Int\u00e9rieure<\/h2>\n<h3>L&rsquo;importance de la prise de conscience de soi<\/h3>\n<p>L&rsquo;un des premiers pas vers la d\u00e9couverte de soi est la prise de conscience de soi. Mais, qu&rsquo;est-ce que cela signifie r\u00e9ellement ? En termes simples, c&rsquo;est devenir plus conscient de vos pens\u00e9es, \u00e9motions et comportements. Ce n&rsquo;est pas juste pour vous aider \u00e0 comprendre qui vous \u00eates, mais aussi pourquoi vous faites ce que vous faites. Un v\u00e9ritable \u00e9veil commence ici, car plus vous \u00eates en phase avec vous-m\u00eame, plus vous \u00eates capable de prendre des d\u00e9cisions \u00e9clair\u00e9es qui ouvrent la voie \u00e0 l&rsquo;\u00e9panouissement personnel.<\/p>\n<h4>Comprendre ses valeurs et ses aspirations<\/h4>\n<p>Commencez par <strong>identifier vos valeurs fondamentales<\/strong>. Prenez le temps de r\u00e9fl\u00e9chir \u00e0 ce qui est r\u00e9ellement important pour vous. Quels sont vos r\u00eaves, vos aspirations ? Comme l&rsquo;a \u00e9crit Billions Search, un auteur inspirant : <em>\u00ab\u00a0Conna\u00eetre vos convictions est le premier pas pour vivre avec conviction\u00a0\u00bb<\/em>. Alignez vos actions sur ces valeurs pour vivre une vie plus \u00e9panouissante et authentique. En \u00e9coutant v\u00e9ritablement votre c\u0153ur, vous devenez une force inarr\u00eatable sur votre chemin de vie.<\/p>\n<h4>La m\u00e9ditation et l&rsquo;introspection pour se reconnecter \u00e0 soi-m\u00eame<\/h4>\n<p>Rien de tel que la m\u00e9ditation pour se recentrer. Fermez les yeux et prenez un temps pr\u00e9cieux pour une introspection sinc\u00e8re. La m\u00e9ditation aide \u00e0 <strong>calmer l&rsquo;esprit<\/strong> et \u00e0 r\u00e9v\u00e9ler les v\u00e9rit\u00e9s cach\u00e9es de votre c\u0153ur. Introduisez cette pratique dans votre quotidien, m\u00eame quelques minutes peuvent faire des merveilles. Se reconnecter \u00e0 soi-m\u00eame peut aussi signifier comprendre les d\u00e9clencheurs de stress et apprendre \u00e0 les g\u00e9rer avec gr\u00e2ce et assurance.<\/p>\n<p>Ne sous-estimez pas le pouvoir d&rsquo;\u00eatre pr\u00e9sent et d&rsquo;honorer vos \u00e9motions. C&rsquo;est en vous permettant de ressentir profond\u00e9ment que vous vous ouvrez aux changements positifs et visionnaires.<\/p>\n<h3>Embrasser sa f\u00e9minit\u00e9 et sa force int\u00e9rieure<\/h3>\n<p>R\u00e9v\u00e9ler votre puissance int\u00e9rieure, c&rsquo;est aussi embrasser votre f\u00e9minit\u00e9. Il est crucial de reconna\u00eetre et de c\u00e9l\u00e9brer ce qui vous rend unique.<\/p>\n<h4>Identifier et c\u00e9l\u00e9brer ses qualit\u00e9s uniques<\/h4>\n<p>Chaque femme est dot\u00e9e de qualit\u00e9s singuli\u00e8res qui m\u00e9ritent d&rsquo;\u00eatre c\u00e9l\u00e9br\u00e9es. Peut-\u00eatre avez-vous un talent pour l&rsquo;\u00e9coute ou une cr\u00e9ativit\u00e9 d\u00e9bordante. Prenez conscience de ces dons et utilisez-les pour nourrir votre estime de soi. Vous \u00eates unique, et c&rsquo;est une raison suffisante pour c\u00e9l\u00e9brer qui vous \u00eates.<\/p>\n<h4>Briser les st\u00e9r\u00e9otypes pour renforcer la confiance en soi<\/h4>\n<p>Les st\u00e9r\u00e9otypes ont la vie dure, mais il est temps de les briser. Laissez de c\u00f4t\u00e9 les id\u00e9es pr\u00e9con\u00e7ues et lib\u00e9rez-vous des cha\u00eenes qui vous emp\u00eachent de vous exprimer pleinement. Acceptez la diversit\u00e9 des r\u00f4les et des identit\u00e9s modernes. La confiance en soi se cultive aussi en \u00e9tant fid\u00e8le \u00e0 soi-m\u00eame, sans compromis.<\/p>\n<p>D\u00e9fier les normes et oser \u00eatre authentique dans un monde rempli de clich\u00e9s est un acte courageux. Chaque fois que vous choisissez d\u2019\u00eatre v\u00e9ritablement vous-m\u00eame, vous ouvrez la porte \u00e0 une version renouvel\u00e9e de qui vous \u00eates, lib\u00e9r\u00e9e des attentes ext\u00e9rieures.<\/p>\n<h3>Le pouvoir des rituels quotidiens<\/h3>\n<p>Est-il possible de transformer sa vie avec de simples rituels quotidiens ? Absolument ! Ces routines apportent de la stabilit\u00e9 et nourrissent le bien-\u00eatre int\u00e9rieur.<\/p>\n<h4>Cr\u00e9er une routine de soins personnels align\u00e9e sur ses besoins<\/h4>\n<p>\u00c9tablissez une routine de soins personnels qui vous fait du bien ! Que ce soit une baignoire moussante ou un yoga matinal, assurez-vous que chaque petit geste soit en accord avec vos besoins quotidiens. Un peu de soin de soi va un long chemin. En int\u00e9grant ces petites habitudes qui vous respectent, vous d\u00e9veloppez un sentiment de paix int\u00e9rieure et d\u2019harmonie.<\/p>\n<h4>Pratiquer la gratitude et la visualisation positive<\/h4>\n<p>Chaque soir, pensez \u00e0 trois choses pour lesquelles vous \u00eates reconnaissante. La pratique de la gratitude augmente non seulement le bien-\u00eatre mental, mais renforce aussi une perspective positive. Compl\u00e9tez cela par des exercices de visualisation o\u00f9 vous imaginez l&rsquo;avenir que vous d\u00e9sirez &#8211; un outil puissant pour atteindre vos objectifs. Visualiser le succ\u00e8s et la clart\u00e9 illumine le chemin et incline l&rsquo;esprit \u00e0 vivre chaque jour avec intention et volont\u00e9.<\/p>\n<h3>Cultiver des relations saines et enrichissantes<\/h3>\n<p>Vos relations peuvent soit vous \u00e9lever, soit vous \u00e9puiser. Il est donc vital de choisir soigneusement ceux que vous laissez entrer dans votre cercle intime.<\/p>\n<h4>S&rsquo;entourer de personnes qui soutiennent sa croissance<\/h4>\n<p>Entourez-vous de personnes positives qui encouragent votre croissance personnelle. La v\u00e9ritable puissance r\u00e9side souvent dans une communaut\u00e9 solide. Recherchez des mentors, des amis et des cercles de soutien qui partagent vos valeurs et aspirations. Ensemble, vous pouvez vous encourager mutuellement vers la r\u00e9alisation de vos plus grands r\u00eaves.<\/p>\n<h4>L&rsquo;art de poser des limites et de dire non<\/h4>\n<p>Savoir dire non est essentiel. Posez des limites pour prot\u00e9ger votre espace mental et \u00e9motionnel. C&rsquo;est un acte de <strong>soin personnel<\/strong> fondamental pour pr\u00e9server votre \u00e9nergie et vous concentrer sur ce qui compte vraiment. Apr\u00e8s tout, chaque \u00ab\u00a0non\u00a0\u00bb rationnel est un \u00ab\u00a0oui\u00a0\u00bb au respect de soi. En respectant vos limites, vous d\u00e9finissez un standard qui informe les autres de comment vous appr\u00e9ciez et prot\u00e9gez votre pr\u00e9cieuse vitalit\u00e9.<\/p>\n<p>En fin de compte, r\u00e9v\u00e9ler votre puissance int\u00e9rieure est un parcours de d\u00e9veloppement personnel au f\u00e9minin enrichissant et transformateur. En acceptant votre f\u00e9minit\u00e9, en cultivant des rituels bienveillants et en cr\u00e9ant des relations harmonieuses, vous faites un pas de g\u00e9ant vers une vie remplie de sens et d&rsquo;accomplissements. N&rsquo;attendez plus \u2013 commencez votre voyage vers l&rsquo;\u00e9veil int\u00e9rieur d\u00e8s aujourd&rsquo;hui !<\/p>\n<p>Le chemin de l&rsquo;\u00e9veil int\u00e9rieur est magnifique et unique \u00e0 chaque femme. Honorons ce voyage et soutenons la croissance continue de la sagesse int\u00e9rieure. Qu&rsquo;il vous m\u00e8ne \u00e0 un \u00e9panouissement profond et durable !<\/p>\n<p><\/body><\/html><\/p>\n","protected":false},"excerpt":{"rendered":"<p>R\u00e9v\u00e9lez Votre Puissance Int\u00e9rieure : Le D\u00e9veloppement Personnel au F\u00e9minin Dans un monde en constante \u00e9volution, le d\u00e9veloppement personnel est devenu un outil essentiel, notamment pour les femmes qui cherchent \u00e0 r\u00e9v\u00e9ler leur puissance int\u00e9rieure. Cet article vous guidera \u00e0 travers un parcours inspirant vers la d\u00e9couverte et l&rsquo;\u00e9panouissement de votre \u00eatre int\u00e9rieur. Pr\u00eates \u00e0 [&hellip;]<\/p>\n","protected":false},"author":0,"featured_media":473,"comment_status":"open","ping_status":"open","sticky":false,"template":"","format":"standard","meta":{"footnotes":""},"categories":[15],"tags":[],"class_list":["post-472","post","type-post","status-publish","format-standard","has-post-thumbnail","hentry","category-actus-femmes"],"yoast_head":"<!-- This site is optimized with the Yoast SEO plugin v27.4 - https:\/\/yoast.com\/product\/yoast-seo-wordpress\/ -->\n<title>R\u00e9v\u00e9lez votre puissance int\u00e9rieure : \u00c9veil f\u00e9minin<\/title>\n<meta name=\"description\" content=\"Explorez le d\u00e9veloppement personnel au f\u00e9minin, embrassez votre force int\u00e9rieure et cultivez des relations enrichissantes avec le plan de L&#039;\u00c9veil de la D\u00e9esse.\" \/>\n<meta name=\"robots\" content=\"index, follow, max-snippet:-1, max-image-preview:large, max-video-preview:-1\" \/>\n<link rel=\"canonical\" href=\"https:\/\/www.yslretrospective.com\/index.php\/2024\/10\/02\/revelez-votre-puissance-interieure-le-developpement-personnel-au-feminin\/\" \/>\n<meta property=\"og:locale\" content=\"fr_FR\" \/>\n<meta property=\"og:type\" content=\"article\" \/>\n<meta property=\"og:title\" content=\"R\u00e9v\u00e9lez votre puissance int\u00e9rieure : \u00c9veil f\u00e9minin\" \/>\n<meta property=\"og:description\" content=\"Explorez le d\u00e9veloppement personnel au f\u00e9minin, embrassez votre force int\u00e9rieure et cultivez des relations enrichissantes avec le plan de L&#039;\u00c9veil de la D\u00e9esse.\" \/>\n<meta property=\"og:url\" content=\"https:\/\/www.yslretrospective.com\/index.php\/2024\/10\/02\/revelez-votre-puissance-interieure-le-developpement-personnel-au-feminin\/\" \/>\n<meta property=\"og:site_name\" content=\"yslretrospective.com\" \/>\n<meta property=\"article:published_time\" content=\"2024-10-02T04:18:08+00:00\" \/>\n<meta property=\"og:image\" content=\"https:\/\/www.yslretrospective.com\/wp-content\/uploads\/2024\/10\/revelez_votre_puissance_interieure__le_developpement_personnel_au_feminin.webp\" \/>\n\t<meta property=\"og:image:width\" content=\"1913\" \/>\n\t<meta property=\"og:image:height\" content=\"1080\" \/>\n\t<meta property=\"og:image:type\" content=\"image\/webp\" \/>\n<meta name=\"twitter:card\" content=\"summary_large_image\" \/>\n<meta name=\"twitter:label1\" content=\"Est. reading time\" \/>\n\t<meta name=\"twitter:data1\" content=\"5 minutes\" \/>\n<script type=\"application\/ld+json\" class=\"yoast-schema-graph\">{\"@context\":\"https:\\\/\\\/schema.org\",\"@graph\":[{\"@type\":\"Article\",\"@id\":\"https:\\\/\\\/www.yslretrospective.com\\\/index.php\\\/2024\\\/10\\\/02\\\/revelez-votre-puissance-interieure-le-developpement-personnel-au-feminin\\\/#article\",\"isPartOf\":{\"@id\":\"https:\\\/\\\/www.yslretrospective.com\\\/index.php\\\/2024\\\/10\\\/02\\\/revelez-votre-puissance-interieure-le-developpement-personnel-au-feminin\\\/\"},\"author\":{\"name\":\"\",\"@id\":\"\"},\"headline\":\"r\u00e9v\u00e9lez votre puissance int\u00e9rieure : le d\u00e9veloppement personnel au f\u00e9minin\",\"datePublished\":\"2024-10-02T04:18:08+00:00\",\"mainEntityOfPage\":{\"@id\":\"https:\\\/\\\/www.yslretrospective.com\\\/index.php\\\/2024\\\/10\\\/02\\\/revelez-votre-puissance-interieure-le-developpement-personnel-au-feminin\\\/\"},\"wordCount\":1117,\"commentCount\":0,\"image\":{\"@id\":\"https:\\\/\\\/www.yslretrospective.com\\\/index.php\\\/2024\\\/10\\\/02\\\/revelez-votre-puissance-interieure-le-developpement-personnel-au-feminin\\\/#primaryimage\"},\"thumbnailUrl\":\"https:\\\/\\\/www.yslretrospective.com\\\/wp-content\\\/uploads\\\/2024\\\/10\\\/revelez_votre_puissance_interieure__le_developpement_personnel_au_feminin.webp\",\"articleSection\":[\"Actus femmes\"],\"inLanguage\":\"fr-FR\",\"potentialAction\":[{\"@type\":\"CommentAction\",\"name\":\"Comment\",\"target\":[\"https:\\\/\\\/www.yslretrospective.com\\\/index.php\\\/2024\\\/10\\\/02\\\/revelez-votre-puissance-interieure-le-developpement-personnel-au-feminin\\\/#respond\"]}]},{\"@type\":\"WebPage\",\"@id\":\"https:\\\/\\\/www.yslretrospective.com\\\/index.php\\\/2024\\\/10\\\/02\\\/revelez-votre-puissance-interieure-le-developpement-personnel-au-feminin\\\/\",\"url\":\"https:\\\/\\\/www.yslretrospective.com\\\/index.php\\\/2024\\\/10\\\/02\\\/revelez-votre-puissance-interieure-le-developpement-personnel-au-feminin\\\/\",\"name\":\"R\u00e9v\u00e9lez votre puissance int\u00e9rieure : \u00c9veil f\u00e9minin\",\"isPartOf\":{\"@id\":\"https:\\\/\\\/www.yslretrospective.com\\\/#website\"},\"primaryImageOfPage\":{\"@id\":\"https:\\\/\\\/www.yslretrospective.com\\\/index.php\\\/2024\\\/10\\\/02\\\/revelez-votre-puissance-interieure-le-developpement-personnel-au-feminin\\\/#primaryimage\"},\"image\":{\"@id\":\"https:\\\/\\\/www.yslretrospective.com\\\/index.php\\\/2024\\\/10\\\/02\\\/revelez-votre-puissance-interieure-le-developpement-personnel-au-feminin\\\/#primaryimage\"},\"thumbnailUrl\":\"https:\\\/\\\/www.yslretrospective.com\\\/wp-content\\\/uploads\\\/2024\\\/10\\\/revelez_votre_puissance_interieure__le_developpement_personnel_au_feminin.webp\",\"datePublished\":\"2024-10-02T04:18:08+00:00\",\"author\":{\"@id\":\"\"},\"description\":\"Explorez le d\u00e9veloppement personnel au f\u00e9minin, embrassez votre force int\u00e9rieure et cultivez des relations enrichissantes avec le plan de L'\u00c9veil de la D\u00e9esse.\",\"breadcrumb\":{\"@id\":\"https:\\\/\\\/www.yslretrospective.com\\\/index.php\\\/2024\\\/10\\\/02\\\/revelez-votre-puissance-interieure-le-developpement-personnel-au-feminin\\\/#breadcrumb\"},\"inLanguage\":\"fr-FR\",\"potentialAction\":[{\"@type\":\"ReadAction\",\"target\":[\"https:\\\/\\\/www.yslretrospective.com\\\/index.php\\\/2024\\\/10\\\/02\\\/revelez-votre-puissance-interieure-le-developpement-personnel-au-feminin\\\/\"]}]},{\"@type\":\"ImageObject\",\"inLanguage\":\"fr-FR\",\"@id\":\"https:\\\/\\\/www.yslretrospective.com\\\/index.php\\\/2024\\\/10\\\/02\\\/revelez-votre-puissance-interieure-le-developpement-personnel-au-feminin\\\/#primaryimage\",\"url\":\"https:\\\/\\\/www.yslretrospective.com\\\/wp-content\\\/uploads\\\/2024\\\/10\\\/revelez_votre_puissance_interieure__le_developpement_personnel_au_feminin.webp\",\"contentUrl\":\"https:\\\/\\\/www.yslretrospective.com\\\/wp-content\\\/uploads\\\/2024\\\/10\\\/revelez_votre_puissance_interieure__le_developpement_personnel_au_feminin.webp\",\"width\":1913,\"height\":1080},{\"@type\":\"BreadcrumbList\",\"@id\":\"https:\\\/\\\/www.yslretrospective.com\\\/index.php\\\/2024\\\/10\\\/02\\\/revelez-votre-puissance-interieure-le-developpement-personnel-au-feminin\\\/#breadcrumb\",\"itemListElement\":[{\"@type\":\"ListItem\",\"position\":1,\"name\":\"Accueil\",\"item\":\"https:\\\/\\\/www.yslretrospective.com\\\/\"},{\"@type\":\"ListItem\",\"position\":2,\"name\":\"r\u00e9v\u00e9lez votre puissance int\u00e9rieure : le d\u00e9veloppement personnel au f\u00e9minin\"}]},{\"@type\":\"WebSite\",\"@id\":\"https:\\\/\\\/www.yslretrospective.com\\\/#website\",\"url\":\"https:\\\/\\\/www.yslretrospective.com\\\/\",\"name\":\"yslretrospective.com\",\"description\":\"\",\"potentialAction\":[{\"@type\":\"SearchAction\",\"target\":{\"@type\":\"EntryPoint\",\"urlTemplate\":\"https:\\\/\\\/www.yslretrospective.com\\\/?s={search_term_string}\"},\"query-input\":{\"@type\":\"PropertyValueSpecification\",\"valueRequired\":true,\"valueName\":\"search_term_string\"}}],\"inLanguage\":\"fr-FR\"}]}<\/script>\n<!-- \/ Yoast SEO plugin. -->","yoast_head_json":{"title":"R\u00e9v\u00e9lez votre puissance int\u00e9rieure : \u00c9veil f\u00e9minin","description":"Explorez le d\u00e9veloppement personnel au f\u00e9minin, embrassez votre force int\u00e9rieure et cultivez des relations enrichissantes avec le plan de L'\u00c9veil de la D\u00e9esse.","robots":{"index":"index","follow":"follow","max-snippet":"max-snippet:-1","max-image-preview":"max-image-preview:large","max-video-preview":"max-video-preview:-1"},"canonical":"https:\/\/www.yslretrospective.com\/index.php\/2024\/10\/02\/revelez-votre-puissance-interieure-le-developpement-personnel-au-feminin\/","og_locale":"fr_FR","og_type":"article","og_title":"R\u00e9v\u00e9lez votre puissance int\u00e9rieure : \u00c9veil f\u00e9minin","og_description":"Explorez le d\u00e9veloppement personnel au f\u00e9minin, embrassez votre force int\u00e9rieure et cultivez des relations enrichissantes avec le plan de L'\u00c9veil de la D\u00e9esse.","og_url":"https:\/\/www.yslretrospective.com\/index.php\/2024\/10\/02\/revelez-votre-puissance-interieure-le-developpement-personnel-au-feminin\/","og_site_name":"yslretrospective.com","article_published_time":"2024-10-02T04:18:08+00:00","og_image":[{"width":1913,"height":1080,"url":"https:\/\/www.yslretrospective.com\/wp-content\/uploads\/2024\/10\/revelez_votre_puissance_interieure__le_developpement_personnel_au_feminin.webp","type":"image\/webp"}],"twitter_card":"summary_large_image","twitter_misc":{"Est. reading time":"5 minutes"},"schema":{"@context":"https:\/\/schema.org","@graph":[{"@type":"Article","@id":"https:\/\/www.yslretrospective.com\/index.php\/2024\/10\/02\/revelez-votre-puissance-interieure-le-developpement-personnel-au-feminin\/#article","isPartOf":{"@id":"https:\/\/www.yslretrospective.com\/index.php\/2024\/10\/02\/revelez-votre-puissance-interieure-le-developpement-personnel-au-feminin\/"},"author":{"name":"","@id":""},"headline":"r\u00e9v\u00e9lez votre puissance int\u00e9rieure : le d\u00e9veloppement personnel au f\u00e9minin","datePublished":"2024-10-02T04:18:08+00:00","mainEntityOfPage":{"@id":"https:\/\/www.yslretrospective.com\/index.php\/2024\/10\/02\/revelez-votre-puissance-interieure-le-developpement-personnel-au-feminin\/"},"wordCount":1117,"commentCount":0,"image":{"@id":"https:\/\/www.yslretrospective.com\/index.php\/2024\/10\/02\/revelez-votre-puissance-interieure-le-developpement-personnel-au-feminin\/#primaryimage"},"thumbnailUrl":"https:\/\/www.yslretrospective.com\/wp-content\/uploads\/2024\/10\/revelez_votre_puissance_interieure__le_developpement_personnel_au_feminin.webp","articleSection":["Actus femmes"],"inLanguage":"fr-FR","potentialAction":[{"@type":"CommentAction","name":"Comment","target":["https:\/\/www.yslretrospective.com\/index.php\/2024\/10\/02\/revelez-votre-puissance-interieure-le-developpement-personnel-au-feminin\/#respond"]}]},{"@type":"WebPage","@id":"https:\/\/www.yslretrospective.com\/index.php\/2024\/10\/02\/revelez-votre-puissance-interieure-le-developpement-personnel-au-feminin\/","url":"https:\/\/www.yslretrospective.com\/index.php\/2024\/10\/02\/revelez-votre-puissance-interieure-le-developpement-personnel-au-feminin\/","name":"R\u00e9v\u00e9lez votre puissance int\u00e9rieure : \u00c9veil f\u00e9minin","isPartOf":{"@id":"https:\/\/www.yslretrospective.com\/#website"},"primaryImageOfPage":{"@id":"https:\/\/www.yslretrospective.com\/index.php\/2024\/10\/02\/revelez-votre-puissance-interieure-le-developpement-personnel-au-feminin\/#primaryimage"},"image":{"@id":"https:\/\/www.yslretrospective.com\/index.php\/2024\/10\/02\/revelez-votre-puissance-interieure-le-developpement-personnel-au-feminin\/#primaryimage"},"thumbnailUrl":"https:\/\/www.yslretrospective.com\/wp-content\/uploads\/2024\/10\/revelez_votre_puissance_interieure__le_developpement_personnel_au_feminin.webp","datePublished":"2024-10-02T04:18:08+00:00","author":{"@id":""},"description":"Explorez le d\u00e9veloppement personnel au f\u00e9minin, embrassez votre force int\u00e9rieure et cultivez des relations enrichissantes avec le plan de L'\u00c9veil de la D\u00e9esse.","breadcrumb":{"@id":"https:\/\/www.yslretrospective.com\/index.php\/2024\/10\/02\/revelez-votre-puissance-interieure-le-developpement-personnel-au-feminin\/#breadcrumb"},"inLanguage":"fr-FR","potentialAction":[{"@type":"ReadAction","target":["https:\/\/www.yslretrospective.com\/index.php\/2024\/10\/02\/revelez-votre-puissance-interieure-le-developpement-personnel-au-feminin\/"]}]},{"@type":"ImageObject","inLanguage":"fr-FR","@id":"https:\/\/www.yslretrospective.com\/index.php\/2024\/10\/02\/revelez-votre-puissance-interieure-le-developpement-personnel-au-feminin\/#primaryimage","url":"https:\/\/www.yslretrospective.com\/wp-content\/uploads\/2024\/10\/revelez_votre_puissance_interieure__le_developpement_personnel_au_feminin.webp","contentUrl":"https:\/\/www.yslretrospective.com\/wp-content\/uploads\/2024\/10\/revelez_votre_puissance_interieure__le_developpement_personnel_au_feminin.webp","width":1913,"height":1080},{"@type":"BreadcrumbList","@id":"https:\/\/www.yslretrospective.com\/index.php\/2024\/10\/02\/revelez-votre-puissance-interieure-le-developpement-personnel-au-feminin\/#breadcrumb","itemListElement":[{"@type":"ListItem","position":1,"name":"Accueil","item":"https:\/\/www.yslretrospective.com\/"},{"@type":"ListItem","position":2,"name":"r\u00e9v\u00e9lez votre puissance int\u00e9rieure : le d\u00e9veloppement personnel au f\u00e9minin"}]},{"@type":"WebSite","@id":"https:\/\/www.yslretrospective.com\/#website","url":"https:\/\/www.yslretrospective.com\/","name":"yslretrospective.com","description":"","potentialAction":[{"@type":"SearchAction","target":{"@type":"EntryPoint","urlTemplate":"https:\/\/www.yslretrospective.com\/?s={search_term_string}"},"query-input":{"@type":"PropertyValueSpecification","valueRequired":true,"valueName":"search_term_string"}}],"inLanguage":"fr-FR"}]}},"_links":{"self":[{"href":"https:\/\/www.yslretrospective.com\/index.php\/wp-json\/wp\/v2\/posts\/472","targetHints":{"allow":["GET"]}}],"collection":[{"href":"https:\/\/www.yslretrospective.com\/index.php\/wp-json\/wp\/v2\/posts"}],"about":[{"href":"https:\/\/www.yslretrospective.com\/index.php\/wp-json\/wp\/v2\/types\/post"}],"replies":[{"embeddable":true,"href":"https:\/\/www.yslretrospective.com\/index.php\/wp-json\/wp\/v2\/comments?post=472"}],"version-history":[{"count":0,"href":"https:\/\/www.yslretrospective.com\/index.php\/wp-json\/wp\/v2\/posts\/472\/revisions"}],"wp:featuredmedia":[{"embeddable":true,"href":"https:\/\/www.yslretrospective.com\/index.php\/wp-json\/wp\/v2\/media\/473"}],"wp:attachment":[{"href":"https:\/\/www.yslretrospective.com\/index.php\/wp-json\/wp\/v2\/media?parent=472"}],"wp:term":[{"taxonomy":"category","embeddable":true,"href":"https:\/\/www.yslretrospective.com\/index.php\/wp-json\/wp\/v2\/categories?post=472"},{"taxonomy":"post_tag","embeddable":true,"href":"https:\/\/www.yslretrospective.com\/index.php\/wp-json\/wp\/v2\/tags?post=472"}],"curies":[{"name":"wp","href":"https:\/\/api.w.org\/{rel}","templated":true}]}}