{"id":470,"date":"2024-10-01T08:26:55","date_gmt":"2024-10-01T06:26:55","guid":{"rendered":"https:\/\/www.yslretrospective.com\/index.php\/2024\/10\/01\/les-couleurs-inattendues-qui-sublimeront-votre-garde-robe-cette-saison\/"},"modified":"2024-10-01T08:26:55","modified_gmt":"2024-10-01T06:26:55","slug":"les-couleurs-inattendues-qui-sublimeront-votre-garde-robe-cette-saison","status":"publish","type":"post","link":"https:\/\/www.yslretrospective.com\/index.php\/2024\/10\/01\/les-couleurs-inattendues-qui-sublimeront-votre-garde-robe-cette-saison\/","title":{"rendered":"Les couleurs inattendues qui sublimeront votre garde-robe cette saison"},"content":{"rendered":"<p><!DOCTYPE html><html lang=\"fr\"><head> <meta charset=\"UTF-8\"> <meta name=\"viewport\" content=\"width=device-width, initial-scale=1.0\"> <title>Les couleurs inattendues qui sublimeront votre garde-robe cette saison<\/title> <meta name=\"description\" content=\"D\u00e9couvrez les couleurs tendance de la saison et comment elles peuvent transformer votre garde-robe.\"> <meta name=\"keywords\" content=\"couleurs, automne, tendance, hiver, saison, femme, mode, printemps, rouge, v\u00eatements, accessoires\"><\/head><body> <\/p>\n<header> <\/header>\n<p> <main> <\/p>\n<section>\n<h2>Les couleurs phares de l&rsquo;automne<\/h2>\n<article>\n<h3>Les teintes terreuses<\/h3>\n<p>\u00c0 chaque changement de saison, nos garde-robes r\u00e9clament un petit souffle de nouveaut\u00e9. Cette automne-hiver, les <strong>teintes terreuses<\/strong> s&rsquo;imposent comme incontournables. Elles apportent chaleur et r\u00e9confort, deux qualit\u00e9s que l&rsquo;on recherche en cette p\u00e9riode de l&rsquo;ann\u00e9e. Qu&rsquo;il s&rsquo;agisse de pulls, de manteaux ou m\u00eame de pantalons, ces couleurs r\u00e9ussissent \u00e0 envelopper tout en douceur ceux qui les portent. Elles \u00e9voquent des paysages naturels et apportent une touche de simplicit\u00e9 organique \u00e0 votre look.<\/p>\n<ul>\n<li><strong>L&rsquo;attrait du terracotta :<\/strong> Inspir\u00e9 par les paysages d\u00e9sertiques, le terracotta n\u2019est plus r\u00e9serv\u00e9 aux pots de fleurs. C&rsquo;est une couleur riche et apaisante qui se marie \u00e0 merveille avec des nuances plus douces, tels que des beiges ou des cr\u00e8mes. Elle peut \u00eatre introduite \u00e0 travers un manteau \u00e9l\u00e9gant ou une \u00e9charpe \u00e9paisse pour des soir\u00e9es d\u2019hiver cocooning.<\/li>\n<li><strong>Le retour du brun chocolat :<\/strong> Cette saison, les designers remettent le brun chocolat sous les feux de la rampe. Profond et polyvalent, il convient \u00e0 toutes les carnations et ajoute une note de sophistication \u00e0 vos tenues. On le privil\u00e9gie sur des mati\u00e8res nobles comme le velours ou le cuir, qui renforcent son \u00e9l\u00e9gance naturelle.<\/li>\n<\/ul>\n<\/article>\n<article>\n<h3>Les nuances de vert inspir\u00e9es par la nature<\/h3>\n<p>Le vert r\u00e9concilie notre esprit avec la nature, et cet automne-hiver, il revient dans des d\u00e9clinaisons fascinantes. Que vous soyez adepte de la nature ou que vous recherchiez \u00e0 injecter un peu de fra\u00eecheur dans votre vestiaire, le vert est un choix id\u00e9al.<\/p>\n<ul>\n<li><strong>Le vert for\u00eat, une valeur s\u00fbre :<\/strong> Cette couleur se fond parfaitement dans l&rsquo;esprit de l&rsquo;automne avec sa capacit\u00e9 \u00e0 se marier aussi bien \u00e0 des tons neutres qu&rsquo;\u00e0 des couleurs plus vives. Les v\u00eatements en vert for\u00eat peuvent se d\u00e9cliner en robes l\u00e9g\u00e8res, manteaux en laine ou \u00e9charpes soyeuses pour un look harmonieux.<\/li>\n<li><strong>L&rsquo;\u00e9meraude \u00e9clatant :<\/strong> Si vous cherchez une touche de glamour, l&rsquo;\u00e9meraude est votre alli\u00e9e. Elle donne de l\u2019\u00e9clat aux tenues, rendant n&rsquo;importe quel v\u00eatement ou accessoire absolument irr\u00e9sistible. C&rsquo;est \u00e9galement un excellent choix pour des bijoux, avec des bagues et colliers \u00e9meraude qui illuminent vos tenues de soir\u00e9e.<\/li>\n<\/ul>\n<\/article>\n<\/section>\n<section>\n<h2>La psychologie des couleurs<\/h2>\n<article>\n<h3>L&rsquo;impact \u00e9motionnel des couleurs chaudes<\/h3>\n<p>Les couleurs chaudes ont un pouvoir incroyable sur notre \u00e9tat d&rsquo;esprit. Elles peuvent dynamiser une journ\u00e9e morose ou r\u00e9chauffer l&rsquo;ambiance d&rsquo;une pi\u00e8ce. Ces couleurs \u00e9voquent souvent des sentiments positifs tels que l&rsquo;excitation, l&rsquo;\u00e9nergie, et la passion.<\/p>\n<ul>\n<li><strong>Comment le rouge et l&rsquo;orange r\u00e9chauffent les esprits :<\/strong> Ces couleurs ne manquent jamais d&rsquo;\u00e9veiller les passions. Le rouge, souvent assimil\u00e9 \u00e0 l\u2019amour et au courage, stimule et attire l\u2019\u0153il. En petite touche sur un sac ou un foulard, voire en total look pour les plus audacieux, il ne passe jamais inaper\u00e7u.<\/li>\n<li><strong>Le r\u00f4le apaisant des couleurs terreuses :<\/strong> En plus d&rsquo;\u00eatre tendance cette saison, les teintes terreuses \u00e9voquent le confort et la s\u00e9r\u00e9nit\u00e9. Elles sont id\u00e9ales pour des tenues casuals qui en disent long sur votre personnalit\u00e9. Ces couleurs s\u2019harmonisent tr\u00e8s bien avec des mati\u00e8res douces comme le coton ou le cachemire.<\/li>\n<\/ul>\n<\/article>\n<article>\n<h3>Les couleurs froides et leur sophistication intrins\u00e8que<\/h3>\n<p>Les couleurs froides, telles que les nuances de gris et de bleu, apportent une touche de classe et d&rsquo;\u00e9l\u00e9gance intemporelle. Ces teintes sont synonymes de calme, de s\u00e9r\u00e9nit\u00e9, et sont souvent choisies pour les v\u00eatements professionnels.<\/p>\n<ul>\n<li><strong>L&rsquo;\u00e9l\u00e9gance du gris et du bleu marine :<\/strong> Ces nuances apportent une profondeur et une sophistication remarquables, parfaites pour cr\u00e9er un look chic et intemporel. Elles peuvent \u00eatre combin\u00e9es avec des accents vifs pour plus de modernit\u00e9.<\/li>\n<li><strong>Associations surprenantes avec des teintes m\u00e9talliques :<\/strong> Associez-les \u00e0 des touches de dor\u00e9 ou d&rsquo;argent\u00e9 pour un effet lumineux et moderne, notamment dans vos accessoires comme les bijoux et les sacs. Ces m\u00e9langes audacieux ajoutent une dimension futuriste \u00e0 vos tenues, id\u00e9ale pour des sorties nocturnes.<\/li>\n<\/ul>\n<\/article>\n<\/section>\n<section>\n<h2>Comment int\u00e9grer ces couleurs dans votre garde-robe<\/h2>\n<article>\n<h3>Pi\u00e8ces cl\u00e9s \u00e0 adopter<\/h3>\n<p>Pour arborer les couleurs \u00e0 la mode cette saison, quelques pi\u00e8ces phares s&rsquo;imposent dans votre garde-robe. Ces \u00e9l\u00e9ments peuvent transformer votre style et insuffler une nouvelle dynamique \u00e0 votre quotidien.<\/p>\n<ul>\n<li><strong>Manteaux et accessoires tendances :<\/strong> Opter pour un manteau terracotta ou un foulard vert \u00e9meraude peut r\u00e9ellement transformer le caract\u00e8re de vos tenues. Ces pi\u00e8ces imposantes sont parfaites pour faire une d\u00e9claration mode audacieuse sans trop d&rsquo;effort.<\/li>\n<li><strong>Choix audacieux pour des tenues du quotidien :<\/strong> N&rsquo;h\u00e9sitez pas \u00e0 choisir des chaussures ou des tops de couleurs vives pour \u00e9gayer vos journ\u00e9es et affirmer votre style. Les baskets rouge rubis ou les bottines \u00e9meraude sont particuli\u00e8rement saisissantes.<\/li>\n<\/ul>\n<\/article>\n<article>\n<h3>Conseils pratiques pour harmoniser les couleurs<\/h3>\n<p>Harmoniser les couleurs peut s&rsquo;apparenter \u00e0 un art. Suivez ces conseils pour parfaire vos tenues tendance. Il s&rsquo;agit de trouver le juste \u00e9quilibre entre audace et subtilit\u00e9.<\/p>\n<ul>\n<li><strong>Combinaisons gagnantes \u00e0 essayer :<\/strong> Misez sur des combinaisons de verts et de bruns pour un look sobre mais sophistiqu\u00e9. Pour un effet plus audacieux, le rouge cerise se marie \u00e9tonnamment bien avec des accents m\u00e9talliques.<\/li>\n<li><strong>\u00c9viter les faux pas pour rester chic :<\/strong> Conna\u00eetre la signification des couleurs est primordial. \u00c9vitez d&rsquo;associer trop de couleurs vives dans une m\u00eame tenue pour ne pas surcharger visuellement. Pensez \u00e9galement aux contrastes compl\u00e9mentaires qui rehaussent votre style avec go\u00fbt.<\/li>\n<\/ul>\n<\/article>\n<\/section>\n<p> <\/main> <\/p>\n<footer>\n<p>&copy; 2023 &#8211; Toutes les couleurs et les d\u00e9tails sur la mode pour femme. Veuillez consulter notre service de contenu pour plus d&rsquo;informations sur les tendances actuelles et la livraison gratuite de vos marques pr\u00e9f\u00e9r\u00e9es.<\/p>\n<div>\n<p>Vous pouvez suivre nos conseils sur diff\u00e9rents <a href=\"#\">r\u00e9seaux sociaux<\/a>. Pour en savoir plus sur comment nous utilisons des <a href=\"#\">services tiers<\/a> pour recueillir des donn\u00e9es, veuillez consulter notre <a href=\"#\">politique de confidentialit\u00e9<\/a>.<\/p>\n<\/p><\/div>\n<\/footer>\n<p><\/body><\/html><\/p>\n","protected":false},"excerpt":{"rendered":"<p>Les couleurs inattendues qui sublimeront votre garde-robe cette saison Les couleurs phares de l&rsquo;automne Les teintes terreuses \u00c0 chaque changement de saison, nos garde-robes r\u00e9clament un petit souffle de nouveaut\u00e9. Cette automne-hiver, les teintes terreuses s&rsquo;imposent comme incontournables. Elles apportent chaleur et r\u00e9confort, deux qualit\u00e9s que l&rsquo;on recherche en cette p\u00e9riode de l&rsquo;ann\u00e9e. Qu&rsquo;il s&rsquo;agisse [&hellip;]<\/p>\n","protected":false},"author":0,"featured_media":471,"comment_status":"open","ping_status":"open","sticky":false,"template":"","format":"standard","meta":{"footnotes":""},"categories":[11],"tags":[],"class_list":["post-470","post","type-post","status-publish","format-standard","has-post-thumbnail","hentry","category-mode-style"],"yoast_head":"<!-- This site is optimized with the Yoast SEO plugin v27.4 - https:\/\/yoast.com\/product\/yoast-seo-wordpress\/ -->\n<title>Couleurs \u00e9clatantes pour sublimer votre garde-robe d&#039;automne<\/title>\n<meta name=\"description\" content=\"D\u00e9couvrez les couleurs phare de l&#039;automne et comment les int\u00e9grer dans votre style pour une garde-robe tendance et harmonieuse.\" \/>\n<meta name=\"robots\" content=\"index, follow, max-snippet:-1, max-image-preview:large, max-video-preview:-1\" \/>\n<link rel=\"canonical\" href=\"https:\/\/www.yslretrospective.com\/index.php\/2024\/10\/01\/les-couleurs-inattendues-qui-sublimeront-votre-garde-robe-cette-saison\/\" \/>\n<meta property=\"og:locale\" content=\"fr_FR\" \/>\n<meta property=\"og:type\" content=\"article\" \/>\n<meta property=\"og:title\" content=\"Couleurs \u00e9clatantes pour sublimer votre garde-robe d&#039;automne\" \/>\n<meta property=\"og:description\" content=\"D\u00e9couvrez les couleurs phare de l&#039;automne et comment les int\u00e9grer dans votre style pour une garde-robe tendance et harmonieuse.\" \/>\n<meta property=\"og:url\" content=\"https:\/\/www.yslretrospective.com\/index.php\/2024\/10\/01\/les-couleurs-inattendues-qui-sublimeront-votre-garde-robe-cette-saison\/\" \/>\n<meta property=\"og:site_name\" content=\"yslretrospective.com\" \/>\n<meta property=\"article:published_time\" content=\"2024-10-01T06:26:55+00:00\" \/>\n<meta property=\"og:image\" content=\"https:\/\/www.yslretrospective.com\/wp-content\/uploads\/2024\/10\/Les_couleurs_inattendues_qui_sublimeront_votre_garde_robe_cette_saison.webp\" \/>\n\t<meta property=\"og:image:width\" content=\"1913\" \/>\n\t<meta property=\"og:image:height\" content=\"1080\" \/>\n\t<meta property=\"og:image:type\" content=\"image\/webp\" \/>\n<meta name=\"twitter:card\" content=\"summary_large_image\" \/>\n<meta name=\"twitter:label1\" content=\"Est. reading time\" \/>\n\t<meta name=\"twitter:data1\" content=\"5 minutes\" \/>\n<script type=\"application\/ld+json\" class=\"yoast-schema-graph\">{\"@context\":\"https:\\\/\\\/schema.org\",\"@graph\":[{\"@type\":\"Article\",\"@id\":\"https:\\\/\\\/www.yslretrospective.com\\\/index.php\\\/2024\\\/10\\\/01\\\/les-couleurs-inattendues-qui-sublimeront-votre-garde-robe-cette-saison\\\/#article\",\"isPartOf\":{\"@id\":\"https:\\\/\\\/www.yslretrospective.com\\\/index.php\\\/2024\\\/10\\\/01\\\/les-couleurs-inattendues-qui-sublimeront-votre-garde-robe-cette-saison\\\/\"},\"author\":{\"name\":\"\",\"@id\":\"\"},\"headline\":\"Les couleurs inattendues qui sublimeront votre garde-robe cette saison\",\"datePublished\":\"2024-10-01T06:26:55+00:00\",\"mainEntityOfPage\":{\"@id\":\"https:\\\/\\\/www.yslretrospective.com\\\/index.php\\\/2024\\\/10\\\/01\\\/les-couleurs-inattendues-qui-sublimeront-votre-garde-robe-cette-saison\\\/\"},\"wordCount\":1017,\"commentCount\":0,\"image\":{\"@id\":\"https:\\\/\\\/www.yslretrospective.com\\\/index.php\\\/2024\\\/10\\\/01\\\/les-couleurs-inattendues-qui-sublimeront-votre-garde-robe-cette-saison\\\/#primaryimage\"},\"thumbnailUrl\":\"https:\\\/\\\/www.yslretrospective.com\\\/wp-content\\\/uploads\\\/2024\\\/10\\\/Les_couleurs_inattendues_qui_sublimeront_votre_garde_robe_cette_saison.webp\",\"articleSection\":[\"Mode et style\"],\"inLanguage\":\"fr-FR\",\"potentialAction\":[{\"@type\":\"CommentAction\",\"name\":\"Comment\",\"target\":[\"https:\\\/\\\/www.yslretrospective.com\\\/index.php\\\/2024\\\/10\\\/01\\\/les-couleurs-inattendues-qui-sublimeront-votre-garde-robe-cette-saison\\\/#respond\"]}]},{\"@type\":\"WebPage\",\"@id\":\"https:\\\/\\\/www.yslretrospective.com\\\/index.php\\\/2024\\\/10\\\/01\\\/les-couleurs-inattendues-qui-sublimeront-votre-garde-robe-cette-saison\\\/\",\"url\":\"https:\\\/\\\/www.yslretrospective.com\\\/index.php\\\/2024\\\/10\\\/01\\\/les-couleurs-inattendues-qui-sublimeront-votre-garde-robe-cette-saison\\\/\",\"name\":\"Couleurs \u00e9clatantes pour sublimer votre garde-robe d'automne\",\"isPartOf\":{\"@id\":\"https:\\\/\\\/www.yslretrospective.com\\\/#website\"},\"primaryImageOfPage\":{\"@id\":\"https:\\\/\\\/www.yslretrospective.com\\\/index.php\\\/2024\\\/10\\\/01\\\/les-couleurs-inattendues-qui-sublimeront-votre-garde-robe-cette-saison\\\/#primaryimage\"},\"image\":{\"@id\":\"https:\\\/\\\/www.yslretrospective.com\\\/index.php\\\/2024\\\/10\\\/01\\\/les-couleurs-inattendues-qui-sublimeront-votre-garde-robe-cette-saison\\\/#primaryimage\"},\"thumbnailUrl\":\"https:\\\/\\\/www.yslretrospective.com\\\/wp-content\\\/uploads\\\/2024\\\/10\\\/Les_couleurs_inattendues_qui_sublimeront_votre_garde_robe_cette_saison.webp\",\"datePublished\":\"2024-10-01T06:26:55+00:00\",\"author\":{\"@id\":\"\"},\"description\":\"D\u00e9couvrez les couleurs phare de l'automne et comment les int\u00e9grer dans votre style pour une garde-robe tendance et harmonieuse.\",\"breadcrumb\":{\"@id\":\"https:\\\/\\\/www.yslretrospective.com\\\/index.php\\\/2024\\\/10\\\/01\\\/les-couleurs-inattendues-qui-sublimeront-votre-garde-robe-cette-saison\\\/#breadcrumb\"},\"inLanguage\":\"fr-FR\",\"potentialAction\":[{\"@type\":\"ReadAction\",\"target\":[\"https:\\\/\\\/www.yslretrospective.com\\\/index.php\\\/2024\\\/10\\\/01\\\/les-couleurs-inattendues-qui-sublimeront-votre-garde-robe-cette-saison\\\/\"]}]},{\"@type\":\"ImageObject\",\"inLanguage\":\"fr-FR\",\"@id\":\"https:\\\/\\\/www.yslretrospective.com\\\/index.php\\\/2024\\\/10\\\/01\\\/les-couleurs-inattendues-qui-sublimeront-votre-garde-robe-cette-saison\\\/#primaryimage\",\"url\":\"https:\\\/\\\/www.yslretrospective.com\\\/wp-content\\\/uploads\\\/2024\\\/10\\\/Les_couleurs_inattendues_qui_sublimeront_votre_garde_robe_cette_saison.webp\",\"contentUrl\":\"https:\\\/\\\/www.yslretrospective.com\\\/wp-content\\\/uploads\\\/2024\\\/10\\\/Les_couleurs_inattendues_qui_sublimeront_votre_garde_robe_cette_saison.webp\",\"width\":1913,\"height\":1080},{\"@type\":\"BreadcrumbList\",\"@id\":\"https:\\\/\\\/www.yslretrospective.com\\\/index.php\\\/2024\\\/10\\\/01\\\/les-couleurs-inattendues-qui-sublimeront-votre-garde-robe-cette-saison\\\/#breadcrumb\",\"itemListElement\":[{\"@type\":\"ListItem\",\"position\":1,\"name\":\"Accueil\",\"item\":\"https:\\\/\\\/www.yslretrospective.com\\\/\"},{\"@type\":\"ListItem\",\"position\":2,\"name\":\"Les couleurs inattendues qui sublimeront votre garde-robe cette saison\"}]},{\"@type\":\"WebSite\",\"@id\":\"https:\\\/\\\/www.yslretrospective.com\\\/#website\",\"url\":\"https:\\\/\\\/www.yslretrospective.com\\\/\",\"name\":\"yslretrospective.com\",\"description\":\"\",\"potentialAction\":[{\"@type\":\"SearchAction\",\"target\":{\"@type\":\"EntryPoint\",\"urlTemplate\":\"https:\\\/\\\/www.yslretrospective.com\\\/?s={search_term_string}\"},\"query-input\":{\"@type\":\"PropertyValueSpecification\",\"valueRequired\":true,\"valueName\":\"search_term_string\"}}],\"inLanguage\":\"fr-FR\"}]}<\/script>\n<!-- \/ Yoast SEO plugin. -->","yoast_head_json":{"title":"Couleurs \u00e9clatantes pour sublimer votre garde-robe d'automne","description":"D\u00e9couvrez les couleurs phare de l'automne et comment les int\u00e9grer dans votre style pour une garde-robe tendance et harmonieuse.","robots":{"index":"index","follow":"follow","max-snippet":"max-snippet:-1","max-image-preview":"max-image-preview:large","max-video-preview":"max-video-preview:-1"},"canonical":"https:\/\/www.yslretrospective.com\/index.php\/2024\/10\/01\/les-couleurs-inattendues-qui-sublimeront-votre-garde-robe-cette-saison\/","og_locale":"fr_FR","og_type":"article","og_title":"Couleurs \u00e9clatantes pour sublimer votre garde-robe d'automne","og_description":"D\u00e9couvrez les couleurs phare de l'automne et comment les int\u00e9grer dans votre style pour une garde-robe tendance et harmonieuse.","og_url":"https:\/\/www.yslretrospective.com\/index.php\/2024\/10\/01\/les-couleurs-inattendues-qui-sublimeront-votre-garde-robe-cette-saison\/","og_site_name":"yslretrospective.com","article_published_time":"2024-10-01T06:26:55+00:00","og_image":[{"width":1913,"height":1080,"url":"https:\/\/www.yslretrospective.com\/wp-content\/uploads\/2024\/10\/Les_couleurs_inattendues_qui_sublimeront_votre_garde_robe_cette_saison.webp","type":"image\/webp"}],"twitter_card":"summary_large_image","twitter_misc":{"Est. reading time":"5 minutes"},"schema":{"@context":"https:\/\/schema.org","@graph":[{"@type":"Article","@id":"https:\/\/www.yslretrospective.com\/index.php\/2024\/10\/01\/les-couleurs-inattendues-qui-sublimeront-votre-garde-robe-cette-saison\/#article","isPartOf":{"@id":"https:\/\/www.yslretrospective.com\/index.php\/2024\/10\/01\/les-couleurs-inattendues-qui-sublimeront-votre-garde-robe-cette-saison\/"},"author":{"name":"","@id":""},"headline":"Les couleurs inattendues qui sublimeront votre garde-robe cette saison","datePublished":"2024-10-01T06:26:55+00:00","mainEntityOfPage":{"@id":"https:\/\/www.yslretrospective.com\/index.php\/2024\/10\/01\/les-couleurs-inattendues-qui-sublimeront-votre-garde-robe-cette-saison\/"},"wordCount":1017,"commentCount":0,"image":{"@id":"https:\/\/www.yslretrospective.com\/index.php\/2024\/10\/01\/les-couleurs-inattendues-qui-sublimeront-votre-garde-robe-cette-saison\/#primaryimage"},"thumbnailUrl":"https:\/\/www.yslretrospective.com\/wp-content\/uploads\/2024\/10\/Les_couleurs_inattendues_qui_sublimeront_votre_garde_robe_cette_saison.webp","articleSection":["Mode et style"],"inLanguage":"fr-FR","potentialAction":[{"@type":"CommentAction","name":"Comment","target":["https:\/\/www.yslretrospective.com\/index.php\/2024\/10\/01\/les-couleurs-inattendues-qui-sublimeront-votre-garde-robe-cette-saison\/#respond"]}]},{"@type":"WebPage","@id":"https:\/\/www.yslretrospective.com\/index.php\/2024\/10\/01\/les-couleurs-inattendues-qui-sublimeront-votre-garde-robe-cette-saison\/","url":"https:\/\/www.yslretrospective.com\/index.php\/2024\/10\/01\/les-couleurs-inattendues-qui-sublimeront-votre-garde-robe-cette-saison\/","name":"Couleurs \u00e9clatantes pour sublimer votre garde-robe d'automne","isPartOf":{"@id":"https:\/\/www.yslretrospective.com\/#website"},"primaryImageOfPage":{"@id":"https:\/\/www.yslretrospective.com\/index.php\/2024\/10\/01\/les-couleurs-inattendues-qui-sublimeront-votre-garde-robe-cette-saison\/#primaryimage"},"image":{"@id":"https:\/\/www.yslretrospective.com\/index.php\/2024\/10\/01\/les-couleurs-inattendues-qui-sublimeront-votre-garde-robe-cette-saison\/#primaryimage"},"thumbnailUrl":"https:\/\/www.yslretrospective.com\/wp-content\/uploads\/2024\/10\/Les_couleurs_inattendues_qui_sublimeront_votre_garde_robe_cette_saison.webp","datePublished":"2024-10-01T06:26:55+00:00","author":{"@id":""},"description":"D\u00e9couvrez les couleurs phare de l'automne et comment les int\u00e9grer dans votre style pour une garde-robe tendance et harmonieuse.","breadcrumb":{"@id":"https:\/\/www.yslretrospective.com\/index.php\/2024\/10\/01\/les-couleurs-inattendues-qui-sublimeront-votre-garde-robe-cette-saison\/#breadcrumb"},"inLanguage":"fr-FR","potentialAction":[{"@type":"ReadAction","target":["https:\/\/www.yslretrospective.com\/index.php\/2024\/10\/01\/les-couleurs-inattendues-qui-sublimeront-votre-garde-robe-cette-saison\/"]}]},{"@type":"ImageObject","inLanguage":"fr-FR","@id":"https:\/\/www.yslretrospective.com\/index.php\/2024\/10\/01\/les-couleurs-inattendues-qui-sublimeront-votre-garde-robe-cette-saison\/#primaryimage","url":"https:\/\/www.yslretrospective.com\/wp-content\/uploads\/2024\/10\/Les_couleurs_inattendues_qui_sublimeront_votre_garde_robe_cette_saison.webp","contentUrl":"https:\/\/www.yslretrospective.com\/wp-content\/uploads\/2024\/10\/Les_couleurs_inattendues_qui_sublimeront_votre_garde_robe_cette_saison.webp","width":1913,"height":1080},{"@type":"BreadcrumbList","@id":"https:\/\/www.yslretrospective.com\/index.php\/2024\/10\/01\/les-couleurs-inattendues-qui-sublimeront-votre-garde-robe-cette-saison\/#breadcrumb","itemListElement":[{"@type":"ListItem","position":1,"name":"Accueil","item":"https:\/\/www.yslretrospective.com\/"},{"@type":"ListItem","position":2,"name":"Les couleurs inattendues qui sublimeront votre garde-robe cette saison"}]},{"@type":"WebSite","@id":"https:\/\/www.yslretrospective.com\/#website","url":"https:\/\/www.yslretrospective.com\/","name":"yslretrospective.com","description":"","potentialAction":[{"@type":"SearchAction","target":{"@type":"EntryPoint","urlTemplate":"https:\/\/www.yslretrospective.com\/?s={search_term_string}"},"query-input":{"@type":"PropertyValueSpecification","valueRequired":true,"valueName":"search_term_string"}}],"inLanguage":"fr-FR"}]}},"_links":{"self":[{"href":"https:\/\/www.yslretrospective.com\/index.php\/wp-json\/wp\/v2\/posts\/470","targetHints":{"allow":["GET"]}}],"collection":[{"href":"https:\/\/www.yslretrospective.com\/index.php\/wp-json\/wp\/v2\/posts"}],"about":[{"href":"https:\/\/www.yslretrospective.com\/index.php\/wp-json\/wp\/v2\/types\/post"}],"replies":[{"embeddable":true,"href":"https:\/\/www.yslretrospective.com\/index.php\/wp-json\/wp\/v2\/comments?post=470"}],"version-history":[{"count":0,"href":"https:\/\/www.yslretrospective.com\/index.php\/wp-json\/wp\/v2\/posts\/470\/revisions"}],"wp:featuredmedia":[{"embeddable":true,"href":"https:\/\/www.yslretrospective.com\/index.php\/wp-json\/wp\/v2\/media\/471"}],"wp:attachment":[{"href":"https:\/\/www.yslretrospective.com\/index.php\/wp-json\/wp\/v2\/media?parent=470"}],"wp:term":[{"taxonomy":"category","embeddable":true,"href":"https:\/\/www.yslretrospective.com\/index.php\/wp-json\/wp\/v2\/categories?post=470"},{"taxonomy":"post_tag","embeddable":true,"href":"https:\/\/www.yslretrospective.com\/index.php\/wp-json\/wp\/v2\/tags?post=470"}],"curies":[{"name":"wp","href":"https:\/\/api.w.org\/{rel}","templated":true}]}}