{"id":462,"date":"2024-09-28T16:34:47","date_gmt":"2024-09-28T14:34:47","guid":{"rendered":"https:\/\/www.yslretrospective.com\/index.php\/2024\/09\/28\/la-feminite-aujourdhui-redefinir-les-codes-pour-saffirmer-pleinement\/"},"modified":"2024-09-28T16:34:47","modified_gmt":"2024-09-28T14:34:47","slug":"la-feminite-aujourdhui-redefinir-les-codes-pour-saffirmer-pleinement","status":"publish","type":"post","link":"https:\/\/www.yslretrospective.com\/index.php\/2024\/09\/28\/la-feminite-aujourdhui-redefinir-les-codes-pour-saffirmer-pleinement\/","title":{"rendered":"La f\u00e9minit\u00e9 aujourd&rsquo;hui : red\u00e9finir les codes pour s&rsquo;affirmer pleinement"},"content":{"rendered":"<p><!DOCTYPE html><html lang=\"fr\"><head> <meta charset=\"UTF-8\"> <meta name=\"viewport\" content=\"width=device-width, initial-scale=1.0\"> <meta name=\"description\" content=\"D\u00e9couvrez comment la f\u00e9minit\u00e9 est red\u00e9finie de mani\u00e8re contemporaine en s'affranchissant des st\u00e9r\u00e9otypes traditionnels pour permettre aux femmes de s'affirmer pleinement.\"> <title>La f\u00e9minit\u00e9 aujourd&rsquo;hui : red\u00e9finir les codes pour s&rsquo;affirmer pleinement<\/title> <\/p>\n<style> body { font-family: Arial, sans-serif; line-height: 1.6; color: #333; margin: 0; padding: 20px; background-color: #f4f4f9; } h1, h2 { color: #333; } p { margin-bottom: 10px; } ul { margin: 0; padding-left: 1em; } li { margin: 5px 0; } blockquote { margin: 20px 0; padding: 10px 20px; background-color: #e8e8e8; border-left: 5px solid #ccc; } em { color: #555; font-style: italic; } @media only screen and (max-width: 600px) { body { font-size: 14px; } } <\/style>\n<p><\/head><body> <\/p>\n<h2>Revisiter les notions traditionnelles de f\u00e9minit\u00e9<\/h2>\n<h3>Les st\u00e9r\u00e9otypes historiques de la f\u00e9minit\u00e9<\/h3>\n<p>Les st\u00e9r\u00e9otypes traditionnels sur la f\u00e9minit\u00e9 ont longtemps dict\u00e9 la fa\u00e7on dont les femmes devraient se comporter. Historiquement, \u00eatre f\u00e9minine signifiait \u00eatre douce, soumise, et ax\u00e9e sur le foyer, les enfants, et plus largement, le r\u00f4le de <em>m\u00e8re et \u00e9pouse<\/em>. Ce moule a \u00e9t\u00e9 fa\u00e7onn\u00e9 par des attentes <em>sociales<\/em> hi\u00e9rarchis\u00e9es, souvent par opposition \u00e0 la <strong>masculinit\u00e9<\/strong>, laquelle \u00e9tait associ\u00e9e \u00e0 la force, l&rsquo;autorit\u00e9, et l&rsquo;action.<\/p>\n<p>\u00c0 travers les \u00e2ges, ce mod\u00e8le de f\u00e9minit\u00e9 a \u00e9t\u00e9 largement renforc\u00e9 par la litt\u00e9rature, les arts et la religion. Les histoires traditionnelles d\u00e9peignaient souvent les femmes comme d\u00e9pendantes des hommes et limit\u00e9es \u00e0 des r\u00f4les de soutien. Cela refl\u00e8te et renforce les structures de pouvoir en place, rendant difficile pour les femmes de s&rsquo;\u00e9panouir en dehors de ces limites. En revanche, toute d\u00e9viation de ce mod\u00e8le \u00e9tait souvent stigmatis\u00e9e ou punie socialement.<\/p>\n<h3>Critiques et limites des st\u00e9r\u00e9otypes traditionnels<\/h3>\n<p>Ces sch\u00e9mas rigides ont bien s\u00fbr leurs critiques : pourquoi les femmes devraient-elles se conformer \u00e0 un mod\u00e8le, alors que chaque <span style=\"color: #777;\">femme<\/span> est unique ? Ces attentes rendent difficile pour bon nombre de femmes la possibilit\u00e9 d&rsquo;explorer leur identit\u00e9, allant m\u00eame parfois jusqu&rsquo;\u00e0 \u00e9touffer leur potentiel. En dehors de ces constructions, les hommes et femmes d&rsquo;aujourd&rsquo;hui cherchent \u00e0 red\u00e9finir ce que signifie \u00eatre <strong>f\u00e9minin<\/strong> ou <strong>masculin<\/strong>.<\/p>\n<p>La r\u00e9sistance \u00e0 ces st\u00e9r\u00e9otypes rigides a augment\u00e9 avec le temps, surtout au cours du si\u00e8cle dernier, avec la mont\u00e9e des mouvements pour les droits des femmes. Des figures cl\u00e9s du f\u00e9minisme ont soulign\u00e9 les injustices r\u00e9sultant de ces attentes et ont travaill\u00e9 pour les remplacer par une reconnaissance du choix individuel. Aujourd&rsquo;hui, de nombreuses personnes s&rsquo;accordent sur le fait que la f\u00e9minit\u00e9 ne devrait pas \u00eatre limit\u00e9e \u00e0 un ensemble pr\u00e9cis de qualit\u00e9s, mais plut\u00f4t \u00eatre consid\u00e9r\u00e9e comme une palette infinie de possibilit\u00e9s pour chaque individu.<\/p>\n<h2>La f\u00e9minit\u00e9 \u00e0 travers les cultures<\/h2>\n<h3>Vari\u00e9t\u00e9 des expressions de la f\u00e9minit\u00e9 dans le monde<\/h3>\n<p>La f\u00e9minit\u00e9 s&rsquo;exprime de multiples fa\u00e7ons \u00e0 travers le globe. Dans certaines cultures, elle est c\u00e9l\u00e9br\u00e9e par des rites de passage pour les <em>filles<\/em>, alors que dans d&rsquo;autres, elle peut \u00eatre marqu\u00e9e par des v\u00eatements sp\u00e9cifiques ou des cosm\u00e9tiques. En fait, ce qui est consid\u00e9r\u00e9 comme f\u00e9minin dans une culture peut \u00eatre per\u00e7u tr\u00e8s diff\u00e9remment dans une autre.<\/p>\n<p>Par exemple, dans certaines cultures africaines, la danse et la musique jouent un r\u00f4le central dans l&rsquo;expression de la f\u00e9minit\u00e9, symbolisant la fertilit\u00e9 et la vitalit\u00e9. Au Japon, des pratiques de beaut\u00e9 sophistiqu\u00e9es associ\u00e9es \u00e0 une conduite r\u00e9serv\u00e9e illustrent un id\u00e9al f\u00e9minin distinct. En Inde, le sari et les bijoux peuvent \u00eatre des signes ext\u00e9rieurs de f\u00e9minit\u00e9, ornant le corps avec des couleurs et des motifs qui racontent des histoires richesse de l&rsquo;h\u00e9ritage culturel.<\/p>\n<h3>Les influences culturelles sur la perception de la f\u00e9minit\u00e9<\/h3>\n<p>Les normes culturelles fa\u00e7onnent ind\u00e9niablement la mani\u00e8re dont nous percevons la <span style=\"color: #777;\">f\u00e9minit\u00e9<\/span>. Des influences culturelles telles que les religions ou les traditions historiques peuvent soit renforcer les st\u00e9r\u00e9otypes traditionnels, soit les contester. En tout cas, mettre l&rsquo;accent sur les diff\u00e9rences culturelles peut grandement enrichir notre compr\u00e9hension de ce qu&rsquo;est la <strong>f\u00e9minit\u00e9<\/strong> moderne.<\/p>\n<p>Il est important de reconna\u00eetre que ces normes ne sont pas statiques. Avec la mondialisation, l\u2019acc\u00e8s aux m\u00e9dia mondiaux et l&rsquo;immigration, les cultures s&rsquo;entrelacent, emmenant les id\u00e9es et pratiques de la f\u00e9minit\u00e9 dans de nouvelles directions. Les interactions entre cultures permettent des r\u00e9interpr\u00e9tations et des hybridations d&rsquo;identit\u00e9s f\u00e9minines, qui peuvent conduire \u00e0 une plus grande inclusivit\u00e9 et \u00e0 une red\u00e9finition des standards \u00e9tablis.<\/p>\n<h2>L&rsquo;impact de la soci\u00e9t\u00e9 moderne sur la f\u00e9minit\u00e9<\/h2>\n<h3>R\u00f4les de genre et \u00e9volution sociale<\/h3>\n<p>Avec l&rsquo;\u00e9volution de la soci\u00e9t\u00e9, les r\u00f4les de <em>genre<\/em> sont de plus en plus remis en cause. Les femmes acc\u00e8dent \u00e0 des postes de pouvoir, remettent en question le statu quo et red\u00e9finissent ce que signifie \u00eatre <strong>f\u00e9minine<\/strong>. La lutte pour l&rsquo;\u00e9galit\u00e9 des sexes a permis plus de libert\u00e9 dans l&rsquo;expression des identit\u00e9s sexuelles et des r\u00f4les de <em>genre<\/em>.<\/p>\n<p>Cette red\u00e9finition est facilit\u00e9e par un acc\u00e8s accru \u00e0 l&rsquo;\u00e9ducation, \u00e0 l&#8217;emploi et aux droits l\u00e9gaux. Les avanc\u00e9es dans l&rsquo;\u00e9galit\u00e9 des sexes ont \u00e9largi le champ des opportunit\u00e9s pour les femmes, et beaucoup saisissent ces occasions pour cr\u00e9er un avenir dans lequel la notion de f\u00e9minit\u00e9 est flexible et empowered. Toutefois, il reste encore beaucoup \u00e0 faire pour \u00e9galiser enti\u00e8rement les opportunit\u00e9s pour tous les genres \u00e0 travers le monde et dans tous les secteurs de la soci\u00e9t\u00e9.<\/p>\n<h3>L&rsquo;influence de la technologie et des m\u00e9dias<\/h3>\n<p>La r\u00e9volution num\u00e9rique a transform\u00e9 le paysage de l&rsquo;identit\u00e9 <strong>f\u00e9minine<\/strong>. Les r\u00e9seaux sociaux, par exemple, donnent aux femmes une plate-forme pour s&rsquo;exprimer librement sur leur identit\u00e9, cr\u00e9ant ainsi un tissu de voix diverses. Cependant, ils apportent aussi leurs propres pressions, avec des standards irr\u00e9alistes souvent relay\u00e9s par les m\u00e9dias et des tests de <strong>f\u00e9minit\u00e9<\/strong> qui peuvent miner la confiance en soi.<\/p>\n<p>Malgr\u00e9 ces d\u00e9fis, de nombreuses voix utilisent ces plates-formes pour promouvoir un discours positif et diversifi\u00e9 sur la f\u00e9minit\u00e9. Des mouvements comme celui du body positivity, l&rsquo;acceptation de soi et m\u00eame des campagnes pour la normalisation des imperfections corporelles sont, par exemple, en hausse. Cela \u00e9galement des cr\u00e9atrices de contenu digitales trouver une communaut\u00e9 de soutien et de partage o\u00f9 elles s&rsquo;inspirent et se d\u00e9finissent selon leurs propres termes. Il reste cependant, une pression latente qui, pour certaines, peut \u00eatre \u00e9crasante et conduire \u00e0 une auto\u00e9valuation constante par rapport \u00e0 des id\u00e9aux souvent inaccessibles.<\/p>\n<h2>Approches contemporaines pour red\u00e9finir la f\u00e9minit\u00e9<\/h2>\n<h3>La f\u00e9minit\u00e9 \u00e0 travers le prisme du f\u00e9minisme intersectionnel<\/h3>\n<p>L&rsquo;un des concepts puissants qui a \u00e9merg\u00e9 r\u00e9cemment est celui du f\u00e9minisme intersectionnel. Cet aspect pr\u00f4ne une intersection des causes, consid\u00e9rant des facteurs tels que la race, l&rsquo;orientation sexuelle et la classe sociale. Ainsi, la <em>f\u00e9minit\u00e9<\/em> est per\u00e7ue \u00e0 travers une lentille beaucoup plus nuanc\u00e9e.<\/p>\n<p>Le f\u00e9minisme intersectionnel s&rsquo;efforce de montrer comment les diff\u00e9rentes formes d&rsquo;injustice sociale sont li\u00e9s et s&rsquo;influencent mutuellement. Il met en lumi\u00e8re les exp\u00e9riences v\u00e9cues par ceux qui font face \u00e0 de multiples formes de marginalisation et cherche \u00e0 proposer des solutions inclusives. Ce cadre nous invite \u00e0 repenser les dynamiques de pouvoir et \u00e0 chercher un monde plus juste, o\u00f9 l&rsquo;identit\u00e9 f\u00e9minine est respect\u00e9e dans toute sa complexit\u00e9.<\/p>\n<h3>Diversit\u00e9 et inclusion : vers une d\u00e9finition personnelle de la f\u00e9minit\u00e9<\/h3>\n<p>En fin de compte, red\u00e9finir la <span style=\"color: #777;\">f\u00e9minit\u00e9<\/span> aujourd&rsquo;hui signifie embrasser la diversit\u00e9 &mdash; reconna\u00eetre que chaque individu peut avoir une d\u00e9finition personnelle de ce que cela signifie d&rsquo;\u00eatre <strong>f\u00e9minin<\/strong>. Il est crucial de s&rsquo;\u00e9loigner des notions monolithiques et de comprendre que l&rsquo;identit\u00e9 de genre est une construction <em>sociale<\/em> fluide.<\/p>\n<p>Les efforts pour embrasser cette diversit\u00e9 sont visibles dans le domaine de la mode, de l&rsquo;\u00e9ducation et m\u00eame des politiques publiques. L&rsquo;accent est mis sur le respect des diff\u00e9rentes expressions de genre, y compris celles qui ne s&rsquo;alignent pas avec les concepts binaires des genres homme et femme traditionnels. Plus de gens sentent la libert\u00e9 de refuser les \u00e9tiquettes restrictives et choisissent de vivre leur v\u00e9rit\u00e9 chaque jour, ind\u00e9pendamment des attentes externes.<\/p>\n<blockquote><p>\u00ab\u00a0Les hommes et femmes, tous doivent avoir la libert\u00e9 de d\u00e9finir leur rapport \u00e0 la f\u00e9minit\u00e9 et \u00e0 la masculinit\u00e9 au-del\u00e0 des st\u00e9r\u00e9otypes.\u00a0\u00bb &mdash; Ana\u00efs Bohuon<\/p><\/blockquote>\n<p>Il est fondamental de promouvoir un monde o\u00f9 la libert\u00e9 de s&rsquo;exprimer au-del\u00e0 des barri\u00e8res traditionnelles est non seulement accept\u00e9e mais c\u00e9l\u00e9br\u00e9e. Le travail continu de nombreux militants en cours essaie de garantir que chacun puisse vivre authentiquement sans discrimination ni crainte. La conversation autour de la d\u00e9finition de la f\u00e9minit\u00e9 continue de s&rsquo;\u00e9panouir, soutenue par le dialogue collectif, la compr\u00e9hension accrue et un respect renouvel\u00e9 pour la dynamique unique de chaque cheminement personnel.<\/p>\n<p><\/body><\/html><\/p>\n","protected":false},"excerpt":{"rendered":"<p>La f\u00e9minit\u00e9 aujourd&rsquo;hui : red\u00e9finir les codes pour s&rsquo;affirmer pleinement Revisiter les notions traditionnelles de f\u00e9minit\u00e9 Les st\u00e9r\u00e9otypes historiques de la f\u00e9minit\u00e9 Les st\u00e9r\u00e9otypes traditionnels sur la f\u00e9minit\u00e9 ont longtemps dict\u00e9 la fa\u00e7on dont les femmes devraient se comporter. Historiquement, \u00eatre f\u00e9minine signifiait \u00eatre douce, soumise, et ax\u00e9e sur le foyer, les enfants, et plus [&hellip;]<\/p>\n","protected":false},"author":0,"featured_media":463,"comment_status":"open","ping_status":"open","sticky":false,"template":"","format":"standard","meta":{"footnotes":""},"categories":[1],"tags":[],"class_list":["post-462","post","type-post","status-publish","format-standard","has-post-thumbnail","hentry","category-non-classe"],"yoast_head":"<!-- This site is optimized with the Yoast SEO plugin v27.4 - https:\/\/yoast.com\/product\/yoast-seo-wordpress\/ -->\n<title>R\u00e9inventer la f\u00e9minit\u00e9 : nouveaux codes pour s&#039;affirmer<\/title>\n<meta name=\"description\" content=\"D\u00e9couvrez comment la f\u00e9minit\u00e9 se red\u00e9finit aujourd&#039;hui face aux st\u00e9r\u00e9otypes, influences culturelles et changements sociaux pour une expression personnelle unique.\" \/>\n<meta name=\"robots\" content=\"index, follow, max-snippet:-1, max-image-preview:large, max-video-preview:-1\" \/>\n<link rel=\"canonical\" href=\"https:\/\/www.yslretrospective.com\/index.php\/2024\/09\/28\/la-feminite-aujourdhui-redefinir-les-codes-pour-saffirmer-pleinement\/\" \/>\n<meta property=\"og:locale\" content=\"fr_FR\" \/>\n<meta property=\"og:type\" content=\"article\" \/>\n<meta property=\"og:title\" content=\"R\u00e9inventer la f\u00e9minit\u00e9 : nouveaux codes pour s&#039;affirmer\" \/>\n<meta property=\"og:description\" content=\"D\u00e9couvrez comment la f\u00e9minit\u00e9 se red\u00e9finit aujourd&#039;hui face aux st\u00e9r\u00e9otypes, influences culturelles et changements sociaux pour une expression personnelle unique.\" \/>\n<meta property=\"og:url\" content=\"https:\/\/www.yslretrospective.com\/index.php\/2024\/09\/28\/la-feminite-aujourdhui-redefinir-les-codes-pour-saffirmer-pleinement\/\" \/>\n<meta property=\"og:site_name\" content=\"yslretrospective.com\" \/>\n<meta property=\"article:published_time\" content=\"2024-09-28T14:34:47+00:00\" \/>\n<meta property=\"og:image\" content=\"https:\/\/www.yslretrospective.com\/wp-content\/uploads\/2024\/09\/La_feminite_aujourd_hui__redefinir_les_codes_pour_s_affirmer_pleinement.webp\" \/>\n\t<meta property=\"og:image:width\" content=\"1913\" \/>\n\t<meta property=\"og:image:height\" content=\"1080\" \/>\n\t<meta property=\"og:image:type\" content=\"image\/webp\" \/>\n<meta name=\"twitter:card\" content=\"summary_large_image\" \/>\n<meta name=\"twitter:label1\" content=\"Est. reading time\" \/>\n\t<meta name=\"twitter:data1\" content=\"7 minutes\" \/>\n<script type=\"application\/ld+json\" class=\"yoast-schema-graph\">{\"@context\":\"https:\\\/\\\/schema.org\",\"@graph\":[{\"@type\":\"Article\",\"@id\":\"https:\\\/\\\/www.yslretrospective.com\\\/index.php\\\/2024\\\/09\\\/28\\\/la-feminite-aujourdhui-redefinir-les-codes-pour-saffirmer-pleinement\\\/#article\",\"isPartOf\":{\"@id\":\"https:\\\/\\\/www.yslretrospective.com\\\/index.php\\\/2024\\\/09\\\/28\\\/la-feminite-aujourdhui-redefinir-les-codes-pour-saffirmer-pleinement\\\/\"},\"author\":{\"name\":\"\",\"@id\":\"\"},\"headline\":\"La f\u00e9minit\u00e9 aujourd&rsquo;hui : red\u00e9finir les codes pour s&rsquo;affirmer pleinement\",\"datePublished\":\"2024-09-28T14:34:47+00:00\",\"mainEntityOfPage\":{\"@id\":\"https:\\\/\\\/www.yslretrospective.com\\\/index.php\\\/2024\\\/09\\\/28\\\/la-feminite-aujourdhui-redefinir-les-codes-pour-saffirmer-pleinement\\\/\"},\"wordCount\":1473,\"commentCount\":0,\"image\":{\"@id\":\"https:\\\/\\\/www.yslretrospective.com\\\/index.php\\\/2024\\\/09\\\/28\\\/la-feminite-aujourdhui-redefinir-les-codes-pour-saffirmer-pleinement\\\/#primaryimage\"},\"thumbnailUrl\":\"https:\\\/\\\/www.yslretrospective.com\\\/wp-content\\\/uploads\\\/2024\\\/09\\\/La_feminite_aujourd_hui__redefinir_les_codes_pour_s_affirmer_pleinement.webp\",\"inLanguage\":\"fr-FR\",\"potentialAction\":[{\"@type\":\"CommentAction\",\"name\":\"Comment\",\"target\":[\"https:\\\/\\\/www.yslretrospective.com\\\/index.php\\\/2024\\\/09\\\/28\\\/la-feminite-aujourdhui-redefinir-les-codes-pour-saffirmer-pleinement\\\/#respond\"]}]},{\"@type\":\"WebPage\",\"@id\":\"https:\\\/\\\/www.yslretrospective.com\\\/index.php\\\/2024\\\/09\\\/28\\\/la-feminite-aujourdhui-redefinir-les-codes-pour-saffirmer-pleinement\\\/\",\"url\":\"https:\\\/\\\/www.yslretrospective.com\\\/index.php\\\/2024\\\/09\\\/28\\\/la-feminite-aujourdhui-redefinir-les-codes-pour-saffirmer-pleinement\\\/\",\"name\":\"R\u00e9inventer la f\u00e9minit\u00e9 : nouveaux codes pour s'affirmer\",\"isPartOf\":{\"@id\":\"https:\\\/\\\/www.yslretrospective.com\\\/#website\"},\"primaryImageOfPage\":{\"@id\":\"https:\\\/\\\/www.yslretrospective.com\\\/index.php\\\/2024\\\/09\\\/28\\\/la-feminite-aujourdhui-redefinir-les-codes-pour-saffirmer-pleinement\\\/#primaryimage\"},\"image\":{\"@id\":\"https:\\\/\\\/www.yslretrospective.com\\\/index.php\\\/2024\\\/09\\\/28\\\/la-feminite-aujourdhui-redefinir-les-codes-pour-saffirmer-pleinement\\\/#primaryimage\"},\"thumbnailUrl\":\"https:\\\/\\\/www.yslretrospective.com\\\/wp-content\\\/uploads\\\/2024\\\/09\\\/La_feminite_aujourd_hui__redefinir_les_codes_pour_s_affirmer_pleinement.webp\",\"datePublished\":\"2024-09-28T14:34:47+00:00\",\"author\":{\"@id\":\"\"},\"description\":\"D\u00e9couvrez comment la f\u00e9minit\u00e9 se red\u00e9finit aujourd'hui face aux st\u00e9r\u00e9otypes, influences culturelles et changements sociaux pour une expression personnelle unique.\",\"breadcrumb\":{\"@id\":\"https:\\\/\\\/www.yslretrospective.com\\\/index.php\\\/2024\\\/09\\\/28\\\/la-feminite-aujourdhui-redefinir-les-codes-pour-saffirmer-pleinement\\\/#breadcrumb\"},\"inLanguage\":\"fr-FR\",\"potentialAction\":[{\"@type\":\"ReadAction\",\"target\":[\"https:\\\/\\\/www.yslretrospective.com\\\/index.php\\\/2024\\\/09\\\/28\\\/la-feminite-aujourdhui-redefinir-les-codes-pour-saffirmer-pleinement\\\/\"]}]},{\"@type\":\"ImageObject\",\"inLanguage\":\"fr-FR\",\"@id\":\"https:\\\/\\\/www.yslretrospective.com\\\/index.php\\\/2024\\\/09\\\/28\\\/la-feminite-aujourdhui-redefinir-les-codes-pour-saffirmer-pleinement\\\/#primaryimage\",\"url\":\"https:\\\/\\\/www.yslretrospective.com\\\/wp-content\\\/uploads\\\/2024\\\/09\\\/La_feminite_aujourd_hui__redefinir_les_codes_pour_s_affirmer_pleinement.webp\",\"contentUrl\":\"https:\\\/\\\/www.yslretrospective.com\\\/wp-content\\\/uploads\\\/2024\\\/09\\\/La_feminite_aujourd_hui__redefinir_les_codes_pour_s_affirmer_pleinement.webp\",\"width\":1913,\"height\":1080},{\"@type\":\"BreadcrumbList\",\"@id\":\"https:\\\/\\\/www.yslretrospective.com\\\/index.php\\\/2024\\\/09\\\/28\\\/la-feminite-aujourdhui-redefinir-les-codes-pour-saffirmer-pleinement\\\/#breadcrumb\",\"itemListElement\":[{\"@type\":\"ListItem\",\"position\":1,\"name\":\"Accueil\",\"item\":\"https:\\\/\\\/www.yslretrospective.com\\\/\"},{\"@type\":\"ListItem\",\"position\":2,\"name\":\"La f\u00e9minit\u00e9 aujourd&rsquo;hui : red\u00e9finir les codes pour s&rsquo;affirmer pleinement\"}]},{\"@type\":\"WebSite\",\"@id\":\"https:\\\/\\\/www.yslretrospective.com\\\/#website\",\"url\":\"https:\\\/\\\/www.yslretrospective.com\\\/\",\"name\":\"yslretrospective.com\",\"description\":\"\",\"potentialAction\":[{\"@type\":\"SearchAction\",\"target\":{\"@type\":\"EntryPoint\",\"urlTemplate\":\"https:\\\/\\\/www.yslretrospective.com\\\/?s={search_term_string}\"},\"query-input\":{\"@type\":\"PropertyValueSpecification\",\"valueRequired\":true,\"valueName\":\"search_term_string\"}}],\"inLanguage\":\"fr-FR\"}]}<\/script>\n<!-- \/ Yoast SEO plugin. -->","yoast_head_json":{"title":"R\u00e9inventer la f\u00e9minit\u00e9 : nouveaux codes pour s'affirmer","description":"D\u00e9couvrez comment la f\u00e9minit\u00e9 se red\u00e9finit aujourd'hui face aux st\u00e9r\u00e9otypes, influences culturelles et changements sociaux pour une expression personnelle unique.","robots":{"index":"index","follow":"follow","max-snippet":"max-snippet:-1","max-image-preview":"max-image-preview:large","max-video-preview":"max-video-preview:-1"},"canonical":"https:\/\/www.yslretrospective.com\/index.php\/2024\/09\/28\/la-feminite-aujourdhui-redefinir-les-codes-pour-saffirmer-pleinement\/","og_locale":"fr_FR","og_type":"article","og_title":"R\u00e9inventer la f\u00e9minit\u00e9 : nouveaux codes pour s'affirmer","og_description":"D\u00e9couvrez comment la f\u00e9minit\u00e9 se red\u00e9finit aujourd'hui face aux st\u00e9r\u00e9otypes, influences culturelles et changements sociaux pour une expression personnelle unique.","og_url":"https:\/\/www.yslretrospective.com\/index.php\/2024\/09\/28\/la-feminite-aujourdhui-redefinir-les-codes-pour-saffirmer-pleinement\/","og_site_name":"yslretrospective.com","article_published_time":"2024-09-28T14:34:47+00:00","og_image":[{"width":1913,"height":1080,"url":"https:\/\/www.yslretrospective.com\/wp-content\/uploads\/2024\/09\/La_feminite_aujourd_hui__redefinir_les_codes_pour_s_affirmer_pleinement.webp","type":"image\/webp"}],"twitter_card":"summary_large_image","twitter_misc":{"Est. reading time":"7 minutes"},"schema":{"@context":"https:\/\/schema.org","@graph":[{"@type":"Article","@id":"https:\/\/www.yslretrospective.com\/index.php\/2024\/09\/28\/la-feminite-aujourdhui-redefinir-les-codes-pour-saffirmer-pleinement\/#article","isPartOf":{"@id":"https:\/\/www.yslretrospective.com\/index.php\/2024\/09\/28\/la-feminite-aujourdhui-redefinir-les-codes-pour-saffirmer-pleinement\/"},"author":{"name":"","@id":""},"headline":"La f\u00e9minit\u00e9 aujourd&rsquo;hui : red\u00e9finir les codes pour s&rsquo;affirmer pleinement","datePublished":"2024-09-28T14:34:47+00:00","mainEntityOfPage":{"@id":"https:\/\/www.yslretrospective.com\/index.php\/2024\/09\/28\/la-feminite-aujourdhui-redefinir-les-codes-pour-saffirmer-pleinement\/"},"wordCount":1473,"commentCount":0,"image":{"@id":"https:\/\/www.yslretrospective.com\/index.php\/2024\/09\/28\/la-feminite-aujourdhui-redefinir-les-codes-pour-saffirmer-pleinement\/#primaryimage"},"thumbnailUrl":"https:\/\/www.yslretrospective.com\/wp-content\/uploads\/2024\/09\/La_feminite_aujourd_hui__redefinir_les_codes_pour_s_affirmer_pleinement.webp","inLanguage":"fr-FR","potentialAction":[{"@type":"CommentAction","name":"Comment","target":["https:\/\/www.yslretrospective.com\/index.php\/2024\/09\/28\/la-feminite-aujourdhui-redefinir-les-codes-pour-saffirmer-pleinement\/#respond"]}]},{"@type":"WebPage","@id":"https:\/\/www.yslretrospective.com\/index.php\/2024\/09\/28\/la-feminite-aujourdhui-redefinir-les-codes-pour-saffirmer-pleinement\/","url":"https:\/\/www.yslretrospective.com\/index.php\/2024\/09\/28\/la-feminite-aujourdhui-redefinir-les-codes-pour-saffirmer-pleinement\/","name":"R\u00e9inventer la f\u00e9minit\u00e9 : nouveaux codes pour s'affirmer","isPartOf":{"@id":"https:\/\/www.yslretrospective.com\/#website"},"primaryImageOfPage":{"@id":"https:\/\/www.yslretrospective.com\/index.php\/2024\/09\/28\/la-feminite-aujourdhui-redefinir-les-codes-pour-saffirmer-pleinement\/#primaryimage"},"image":{"@id":"https:\/\/www.yslretrospective.com\/index.php\/2024\/09\/28\/la-feminite-aujourdhui-redefinir-les-codes-pour-saffirmer-pleinement\/#primaryimage"},"thumbnailUrl":"https:\/\/www.yslretrospective.com\/wp-content\/uploads\/2024\/09\/La_feminite_aujourd_hui__redefinir_les_codes_pour_s_affirmer_pleinement.webp","datePublished":"2024-09-28T14:34:47+00:00","author":{"@id":""},"description":"D\u00e9couvrez comment la f\u00e9minit\u00e9 se red\u00e9finit aujourd'hui face aux st\u00e9r\u00e9otypes, influences culturelles et changements sociaux pour une expression personnelle unique.","breadcrumb":{"@id":"https:\/\/www.yslretrospective.com\/index.php\/2024\/09\/28\/la-feminite-aujourdhui-redefinir-les-codes-pour-saffirmer-pleinement\/#breadcrumb"},"inLanguage":"fr-FR","potentialAction":[{"@type":"ReadAction","target":["https:\/\/www.yslretrospective.com\/index.php\/2024\/09\/28\/la-feminite-aujourdhui-redefinir-les-codes-pour-saffirmer-pleinement\/"]}]},{"@type":"ImageObject","inLanguage":"fr-FR","@id":"https:\/\/www.yslretrospective.com\/index.php\/2024\/09\/28\/la-feminite-aujourdhui-redefinir-les-codes-pour-saffirmer-pleinement\/#primaryimage","url":"https:\/\/www.yslretrospective.com\/wp-content\/uploads\/2024\/09\/La_feminite_aujourd_hui__redefinir_les_codes_pour_s_affirmer_pleinement.webp","contentUrl":"https:\/\/www.yslretrospective.com\/wp-content\/uploads\/2024\/09\/La_feminite_aujourd_hui__redefinir_les_codes_pour_s_affirmer_pleinement.webp","width":1913,"height":1080},{"@type":"BreadcrumbList","@id":"https:\/\/www.yslretrospective.com\/index.php\/2024\/09\/28\/la-feminite-aujourdhui-redefinir-les-codes-pour-saffirmer-pleinement\/#breadcrumb","itemListElement":[{"@type":"ListItem","position":1,"name":"Accueil","item":"https:\/\/www.yslretrospective.com\/"},{"@type":"ListItem","position":2,"name":"La f\u00e9minit\u00e9 aujourd&rsquo;hui : red\u00e9finir les codes pour s&rsquo;affirmer pleinement"}]},{"@type":"WebSite","@id":"https:\/\/www.yslretrospective.com\/#website","url":"https:\/\/www.yslretrospective.com\/","name":"yslretrospective.com","description":"","potentialAction":[{"@type":"SearchAction","target":{"@type":"EntryPoint","urlTemplate":"https:\/\/www.yslretrospective.com\/?s={search_term_string}"},"query-input":{"@type":"PropertyValueSpecification","valueRequired":true,"valueName":"search_term_string"}}],"inLanguage":"fr-FR"}]}},"_links":{"self":[{"href":"https:\/\/www.yslretrospective.com\/index.php\/wp-json\/wp\/v2\/posts\/462","targetHints":{"allow":["GET"]}}],"collection":[{"href":"https:\/\/www.yslretrospective.com\/index.php\/wp-json\/wp\/v2\/posts"}],"about":[{"href":"https:\/\/www.yslretrospective.com\/index.php\/wp-json\/wp\/v2\/types\/post"}],"replies":[{"embeddable":true,"href":"https:\/\/www.yslretrospective.com\/index.php\/wp-json\/wp\/v2\/comments?post=462"}],"version-history":[{"count":0,"href":"https:\/\/www.yslretrospective.com\/index.php\/wp-json\/wp\/v2\/posts\/462\/revisions"}],"wp:featuredmedia":[{"embeddable":true,"href":"https:\/\/www.yslretrospective.com\/index.php\/wp-json\/wp\/v2\/media\/463"}],"wp:attachment":[{"href":"https:\/\/www.yslretrospective.com\/index.php\/wp-json\/wp\/v2\/media?parent=462"}],"wp:term":[{"taxonomy":"category","embeddable":true,"href":"https:\/\/www.yslretrospective.com\/index.php\/wp-json\/wp\/v2\/categories?post=462"},{"taxonomy":"post_tag","embeddable":true,"href":"https:\/\/www.yslretrospective.com\/index.php\/wp-json\/wp\/v2\/tags?post=462"}],"curies":[{"name":"wp","href":"https:\/\/api.w.org\/{rel}","templated":true}]}}