{"id":430,"date":"2024-09-23T21:34:22","date_gmt":"2024-09-23T19:34:22","guid":{"rendered":"https:\/\/www.yslretrospective.com\/index.php\/2024\/09\/23\/les-tenues-feminines-qui-ont-marque-lhistoire-mode-a-travers-les-ages\/"},"modified":"2024-09-23T21:34:22","modified_gmt":"2024-09-23T19:34:22","slug":"les-tenues-feminines-qui-ont-marque-lhistoire-mode-a-travers-les-ages","status":"publish","type":"post","link":"https:\/\/www.yslretrospective.com\/index.php\/2024\/09\/23\/les-tenues-feminines-qui-ont-marque-lhistoire-mode-a-travers-les-ages\/","title":{"rendered":"les tenues f\u00e9minines qui ont marqu\u00e9 l&rsquo;histoire mode \u00e0 travers les \u00e2ges"},"content":{"rendered":"<p><!DOCTYPE html><html lang=\"fr\"><head> <meta charset=\"UTF-8\"> <meta name=\"viewport\" content=\"width=device-width, initial-scale=1.0\"> <meta name=\"description\" content=\"Un regard sur les tenues embl\u00e9matiques f\u00e9minines qui ont marqu\u00e9 l'histoire de la mode. D\u00e9couvrez les costumes qui ont chang\u00e9 le monde \u00e0 travers les \u00e2ges.\"> <title>Les tenues f\u00e9minines qui ont marqu\u00e9 l&rsquo;histoire de la mode \u00e0 travers les \u00e2ges<\/title><\/head><body> <\/p>\n<header>\n<p> Plong\u00e9e dans le monde de la <strong>mode f\u00e9minine<\/strong> et d\u00e9couverte des costumes qui ont laiss\u00e9 une empreinte ind\u00e9l\u00e9bile \u00e0 travers les si\u00e8cles. Ces <em>tenues embl\u00e9matiques f\u00e9minines<\/em> ont influenc\u00e9 non seulement le style, mais aussi la culture et la soci\u00e9t\u00e9. \u00c0 travers les \u00e2ges, la mode a \u00e9t\u00e9 un t\u00e9moin silencieux, mais puissant, des \u00e9volutions sociales, politiques et culturelles. En nous int\u00e9ressant aux v\u00eatements, nous comprenons \u00e9galement mieux les nuances et les contextes de chaque \u00e9poque. <\/p>\n<\/header>\n<section>\n<h2>Les costumes embl\u00e9matiques et leur impact sur le monde<\/h2>\n<article>\n<h3>Les robes de Marilyn Monroe: ic\u00f4ne du glamour<\/h3>\n<p> Marilyn Monroe, avec sa silhouette voluptueuse et son aura de sensuelle \u00e9l\u00e9gance, a endoss\u00e9 des <strong>robes<\/strong> qui ont marqu\u00e9 l&rsquo;histoire de la mode. Aucun mod\u00e8le n&rsquo;est aussi largement reconnu que sa fameuse <strong>robe<\/strong> blanche pliss\u00e9e port\u00e9e dans \u00ab\u00a0The Seven Year Itch\u00a0\u00bb. Ce v\u00eatement est devenu synonyme de glamour hollywoodien, capturant l&rsquo;essence de toute une \u00e9poque. Outre sa notori\u00e9t\u00e9 cin\u00e9matographique, la robe blanche de Monroe incarne un moment charni\u00e8re o\u00f9 le cin\u00e9ma s&rsquo;est li\u00e9 \u00e0 la mode d&rsquo;une mani\u00e8re durable. <\/p>\n<h4>Les moments marquants<\/h4>\n<p> Qui pourrait oublier la sc\u00e8ne embl\u00e9matique lorsque sa <strong>robe<\/strong> s&rsquo;envole au-dessus de la grille de m\u00e9tro ? Ce moment est sans doute l&rsquo;un des plus c\u00e9l\u00e8bres du cin\u00e9ma, captur\u00e9 et immortalis\u00e9 par des millions de reproductions. Cette image, plus qu&rsquo;un simple caprice vestimentaire, est devenue un symbole de la culture pop am\u00e9ricaine des ann\u00e9es 1950. Elle repr\u00e9sente la libert\u00e9 d&rsquo;expression et l&rsquo;\u00e9mancipation croissante des femmes qui commen\u00e7aient \u00e0 briser les cha\u00eenes des conventions sociales. <\/p>\n<h4>Influence sur le cin\u00e9ma et la culture populaire<\/h4>\n<p> Marilyn a transform\u00e9 la <strong>robe<\/strong> en un symbole de sensibilit\u00e9 et de charme. Elle a influenc\u00e9 non seulement le cin\u00e9ma, mais aussi la <em>mode<\/em> \u00e0 travers les d\u00e9cennies, inspirant des <strong>femmes<\/strong> du monde entier \u00e0 adopter un style audacieux et glamour. Les looks inspir\u00e9s de Monroe se retrouvent dans des milliers de cr\u00e9ations, des lignes de pr\u00eat-\u00e0-porter modernes aux collections de haute couture qui continuent de canaliser l&rsquo;essence du glamour intemporel qu&rsquo;elle repr\u00e9sente. La robe blanche n&rsquo;est pas seulement une pi\u00e8ce d&rsquo;habillement, elle est une ic\u00f4ne, une d\u00e9claration. <\/p>\n<\/article>\n<article>\n<h3>La petite robe noire de Coco Chanel: symbole de l&rsquo;\u00e9l\u00e9gance<\/h3>\n<p> Rien ne crie plus l&rsquo;\u00e9l\u00e9gance intemporelle que la <strong>petite robe noire<\/strong> de Coco Chanel. V\u00e9ritable r\u00e9volutionnaire, cette cr\u00e9ation a redessin\u00e9 les codes vestimentaires des <strong>femmes<\/strong>. Dans une \u00e8re o\u00f9 des tenues \u00e9labor\u00e9es aux couleurs vives dominaient, Chanel fournit une alternative simplifi\u00e9e qui offrait \u00e0 la fois sophistication et simplicit\u00e9. La \u00ab\u00a0petite robe noire\u00a0\u00bb est devenue une marque essentielle dans la garde-robe d&rsquo;une femme moderne, symbole de l&rsquo;\u00e9galit\u00e9 et de l&rsquo;\u00e9l\u00e9gance. <\/p>\n<h4>Naissance et \u00e9volution<\/h4>\n<p> Lanc\u00e9e en 1926, la petite <strong>robe noire<\/strong> \u00e9tait destin\u00e9e initialement \u00e0 l&rsquo;occasion du deuil. Mais son raffinement sobre a rapidement vol\u00e9 les c\u0153urs et est devenu un incontournable dans chaque garde-robe f\u00e9minine, offrant la libert\u00e9 de mouvement sans sacrifier le <em>style<\/em>. Cette cr\u00e9ation de Chanel refl\u00e9tait aussi les changements sociaux de l&rsquo;apr\u00e8s-guerre, o\u00f9 les femmes voulaient des v\u00eatements qui \u00e9taient aussi fonctionnels que beaux. La petite robe noire s&rsquo;adaptait ais\u00e9ment \u00e0 divers contextes, depuis le bureau jusqu&rsquo;\u00e0 une soir\u00e9e raffin\u00e9e. <\/p>\n<h4>Influence sur la mode contemporaine<\/h4>\n<p> La petite <strong>robe noire<\/strong> de Chanel reste aujourd&rsquo;hui un pilier de la <em>mode<\/em> contemporaine. Elle est v\u00e9n\u00e9r\u00e9e pour sa versatilit\u00e9, permettant aux <strong>femmes<\/strong> de la porter en toute occasion, du bureau \u00e0 un d\u00eener chic, tout en faisant une d\u00e9claration de simplicit\u00e9 sophistiqu\u00e9e. Les cr\u00e9ateurs de mode actuels continuent de rendre hommage \u00e0 la \u00ab\u00a0petite robe noire\u00a0\u00bb, sachant qu&rsquo;elle poss\u00e8de ce pouvoir magique d&rsquo;\u00eatre \u00e0 la fois simple et audacieuse, conservatrice mais avant-gardiste. Sa magie r\u00e9side dans sa capacit\u00e9 \u00e0 \u00eatre r\u00e9invent\u00e9e, encore et toujours, sans jamais perdre son essence. <\/p>\n<\/article>\n<\/section>\n<section>\n<h2>Explorations culturelles \u00e0 travers les tenues<\/h2>\n<article>\n<h3>Le sari indien: tradition et modernit\u00e9<\/h3>\n<p> Le <strong>sari<\/strong> indien, avec sa riche tapisserie culturelle, est un incontournable de la <strong>mode<\/strong> en Inde et bien au-del\u00e0. C&rsquo;est une <strong>tenue<\/strong> qui unit tradition et modernit\u00e9, cr\u00e9ant un pont fascinant entre pass\u00e9 et pr\u00e9sent. Le sari, en tant que v\u00eatement multi-couches, symbolise les couches sociales, culturelles et historiques de l&rsquo;Inde, offrant une expression unique de l&rsquo;identit\u00e9 f\u00e9minine. Chaque \u00e9tat, religion ou culture peut proposer une variante du sari avec ses propres motifs et fa\u00e7ons de porter, racontant ainsi mille histoires \u00e0 travers un simple morceau d\u2019\u00e9toffe. <\/p>\n<h4>Ses origines et transformations<\/h4>\n<p> Le <strong>sari<\/strong> trouve ses origines dans la plus pure tradition indienne, datant de plusieurs si\u00e8cles. Aujourd&rsquo;hui, il se r\u00e9invente avec des couleurs vibrantes et des designs contemporains, tout en conservant son essence patrimoniale. Les cr\u00e9ateurs de mode contemporains ont revitalis\u00e9 le sari avec des impressions modernes tout en retenant la fibre et la sensibilit\u00e9 traditionnelle, soulignant ainsi l&rsquo;h\u00e9ritage culturel unique tout en embrassant les tendances mondiales. Ce v\u00eatement, port\u00e9 par des millions de femmes, est une c\u00e9l\u00e9bration de la culture indienne et de sa r\u00e9silience. <\/p>\n<h4>Pr\u00e9sence sur les podiums internationaux<\/h4>\n<p> Des cr\u00e9ateurs renomm\u00e9s int\u00e8grent ce <strong>v\u00eatement<\/strong> de fa\u00e7on spectaculaire sur les podiums internationaux. Il s&rsquo;offre une nouvelle vie dans le cadre de la <em>mode<\/em> globale, avec des pi\u00e8ces modernis\u00e9es par des figures comme Vivienne Westwood. Sur les sc\u00e8nes haute couture du monde entier, le sari a trouv\u00e9 sa place parmi les tenues les plus pris\u00e9es, reliant la richesse d&rsquo;une histoire culturelle \u00e0 l&rsquo;innovation contemporaine. Dans ce cadre, le sari transcend les fronti\u00e8res culturelles et linguistiques, devenant ainsi un symbole de l&rsquo;universalit\u00e9 du style et de l&rsquo;artisanat. <\/p>\n<\/article>\n<article>\n<h3>L&rsquo;impact des mouvements sociaux sur les tenues<\/h3>\n<h4>Les v\u00eatements des suffragettes: le pouvoir en blanc<\/h4>\n<p> Au d\u00e9but du 20\u00e8me si\u00e8cle, le mouvement des suffragettes a utilis\u00e9 le <strong>v\u00eatement<\/strong> comme un moyen puissant de communication. Le blanc, pur et plein de force, leur uniforme annonc\u00e9 l&rsquo;\u00e9mancipation des <strong>femmes<\/strong> avec assurance. Cette utilisation strat\u00e9gique de la couleur et du style visait \u00e0 transmettre des messages politiques et sociaux et \u00e0 gagner du respect pour leur cause aupr\u00e8s du public et des l\u00e9gislateurs. Le poing lev\u00e9 habill\u00e9 de blanc signifiait r\u00e9volution, pers\u00e9v\u00e9rance, et \u00e9galit\u00e9 des droits. <\/p>\n<h4>Mode et r\u00e9volution: les ann\u00e9es 1960<\/h4>\n<p> Les <em>ann\u00e9es 60<\/em> ont vu l&rsquo;explosion de styles r\u00e9volutionnaires. C&rsquo;\u00e9tait une p\u00e9riode o\u00f9 les <strong>femmes<\/strong> ont commenc\u00e9 \u00e0 arborer des mini-jupes courtes, des <strong>pantalons<\/strong> et des looks androgynes, d\u00e9clarant une libert\u00e9 sans pr\u00e9c\u00e9dent et une rupture avec le pass\u00e9. Cette \u00e8re marquait la mont\u00e9e d&rsquo;une nouvelle conscience f\u00e9ministe et d&rsquo;une autolib\u00e9ration des normes vestimentaires strictes impos\u00e9es par la soci\u00e9t\u00e9. Les cr\u00e9ateurs audacieux de l&rsquo;\u00e9poque permettaient aux femmes de s&rsquo;habiller non seulement pour le plaisir des autres, mais pour elles-m\u00eames, refl\u00e9tant tellement plus que de simples v\u00eatements. <\/p>\n<\/article>\n<\/section>\n<footer>\n<p> En retra\u00e7ant ces moments marquants de l&rsquo;<em>histoire de la mode<\/em>, ces <strong>tenues embl\u00e9matiques f\u00e9minines<\/strong> ne sont pas seulement une affaire de <em>style<\/em> et d&rsquo;esth\u00e9tique, mais aussi une puissante vitrine de la culture, des aspirations et des id\u00e9aux de chaque p\u00e9riode. Chaque v\u00eatement raconte une histoire, une \u00e9poque, et une lutte ; il y a derri\u00e8re eux des d\u00e9fis \u00e0 surmonter et des victoires \u00e0 c\u00e9l\u00e9brer. La mode est un langage universel qui transcende le temps et les fronti\u00e8res, nous rappelant que ce que nous portons peut \u00eatre une d\u00e9claration aussi puissante que celle que nous faisons avec nos mots. <\/p>\n<\/footer>\n<p><\/body><\/html><\/p>\n","protected":false},"excerpt":{"rendered":"<p>Les tenues f\u00e9minines qui ont marqu\u00e9 l&rsquo;histoire de la mode \u00e0 travers les \u00e2ges Plong\u00e9e dans le monde de la mode f\u00e9minine et d\u00e9couverte des costumes qui ont laiss\u00e9 une empreinte ind\u00e9l\u00e9bile \u00e0 travers les si\u00e8cles. Ces tenues embl\u00e9matiques f\u00e9minines ont influenc\u00e9 non seulement le style, mais aussi la culture et la soci\u00e9t\u00e9. \u00c0 travers [&hellip;]<\/p>\n","protected":false},"author":0,"featured_media":431,"comment_status":"open","ping_status":"open","sticky":false,"template":"","format":"standard","meta":{"footnotes":""},"categories":[1],"tags":[],"class_list":["post-430","post","type-post","status-publish","format-standard","has-post-thumbnail","hentry","category-non-classe"],"yoast_head":"<!-- This site is optimized with the Yoast SEO plugin v27.4 - https:\/\/yoast.com\/product\/yoast-seo-wordpress\/ -->\n<title>Tenues f\u00e9minines embl\u00e9matiques qui ont marqu\u00e9 la mode<\/title>\n<meta name=\"description\" content=\"D\u00e9couvrez les tenues f\u00e9minines iconiques, de Marilyn Monroe \u00e0 Coco Chanel, et leur impact sur la mode et la culture \u00e0 travers les \u00e2ges.\" \/>\n<meta name=\"robots\" content=\"index, follow, max-snippet:-1, max-image-preview:large, max-video-preview:-1\" \/>\n<link rel=\"canonical\" href=\"https:\/\/www.yslretrospective.com\/index.php\/2024\/09\/23\/les-tenues-feminines-qui-ont-marque-lhistoire-mode-a-travers-les-ages\/\" \/>\n<meta property=\"og:locale\" content=\"fr_FR\" \/>\n<meta property=\"og:type\" content=\"article\" \/>\n<meta property=\"og:title\" content=\"Tenues f\u00e9minines embl\u00e9matiques qui ont marqu\u00e9 la mode\" \/>\n<meta property=\"og:description\" content=\"D\u00e9couvrez les tenues f\u00e9minines iconiques, de Marilyn Monroe \u00e0 Coco Chanel, et leur impact sur la mode et la culture \u00e0 travers les \u00e2ges.\" \/>\n<meta property=\"og:url\" content=\"https:\/\/www.yslretrospective.com\/index.php\/2024\/09\/23\/les-tenues-feminines-qui-ont-marque-lhistoire-mode-a-travers-les-ages\/\" \/>\n<meta property=\"og:site_name\" content=\"yslretrospective.com\" \/>\n<meta property=\"article:published_time\" content=\"2024-09-23T19:34:22+00:00\" \/>\n<meta property=\"og:image\" content=\"https:\/\/www.yslretrospective.com\/wp-content\/uploads\/2024\/09\/les_tenues_feminines_qui_ont_marque_l_histoire_mode_a_travers_les_ages.webp\" \/>\n\t<meta property=\"og:image:width\" content=\"1913\" \/>\n\t<meta property=\"og:image:height\" content=\"1080\" \/>\n\t<meta property=\"og:image:type\" content=\"image\/webp\" \/>\n<meta name=\"twitter:card\" content=\"summary_large_image\" \/>\n<meta name=\"twitter:label1\" content=\"Est. reading time\" \/>\n\t<meta name=\"twitter:data1\" content=\"7 minutes\" \/>\n<script type=\"application\/ld+json\" class=\"yoast-schema-graph\">{\"@context\":\"https:\\\/\\\/schema.org\",\"@graph\":[{\"@type\":\"Article\",\"@id\":\"https:\\\/\\\/www.yslretrospective.com\\\/index.php\\\/2024\\\/09\\\/23\\\/les-tenues-feminines-qui-ont-marque-lhistoire-mode-a-travers-les-ages\\\/#article\",\"isPartOf\":{\"@id\":\"https:\\\/\\\/www.yslretrospective.com\\\/index.php\\\/2024\\\/09\\\/23\\\/les-tenues-feminines-qui-ont-marque-lhistoire-mode-a-travers-les-ages\\\/\"},\"author\":{\"name\":\"\",\"@id\":\"\"},\"headline\":\"les tenues f\u00e9minines qui ont marqu\u00e9 l&rsquo;histoire mode \u00e0 travers les \u00e2ges\",\"datePublished\":\"2024-09-23T19:34:22+00:00\",\"mainEntityOfPage\":{\"@id\":\"https:\\\/\\\/www.yslretrospective.com\\\/index.php\\\/2024\\\/09\\\/23\\\/les-tenues-feminines-qui-ont-marque-lhistoire-mode-a-travers-les-ages\\\/\"},\"wordCount\":1352,\"commentCount\":0,\"image\":{\"@id\":\"https:\\\/\\\/www.yslretrospective.com\\\/index.php\\\/2024\\\/09\\\/23\\\/les-tenues-feminines-qui-ont-marque-lhistoire-mode-a-travers-les-ages\\\/#primaryimage\"},\"thumbnailUrl\":\"https:\\\/\\\/www.yslretrospective.com\\\/wp-content\\\/uploads\\\/2024\\\/09\\\/les_tenues_feminines_qui_ont_marque_l_histoire_mode_a_travers_les_ages.webp\",\"inLanguage\":\"fr-FR\",\"potentialAction\":[{\"@type\":\"CommentAction\",\"name\":\"Comment\",\"target\":[\"https:\\\/\\\/www.yslretrospective.com\\\/index.php\\\/2024\\\/09\\\/23\\\/les-tenues-feminines-qui-ont-marque-lhistoire-mode-a-travers-les-ages\\\/#respond\"]}]},{\"@type\":\"WebPage\",\"@id\":\"https:\\\/\\\/www.yslretrospective.com\\\/index.php\\\/2024\\\/09\\\/23\\\/les-tenues-feminines-qui-ont-marque-lhistoire-mode-a-travers-les-ages\\\/\",\"url\":\"https:\\\/\\\/www.yslretrospective.com\\\/index.php\\\/2024\\\/09\\\/23\\\/les-tenues-feminines-qui-ont-marque-lhistoire-mode-a-travers-les-ages\\\/\",\"name\":\"Tenues f\u00e9minines embl\u00e9matiques qui ont marqu\u00e9 la mode\",\"isPartOf\":{\"@id\":\"https:\\\/\\\/www.yslretrospective.com\\\/#website\"},\"primaryImageOfPage\":{\"@id\":\"https:\\\/\\\/www.yslretrospective.com\\\/index.php\\\/2024\\\/09\\\/23\\\/les-tenues-feminines-qui-ont-marque-lhistoire-mode-a-travers-les-ages\\\/#primaryimage\"},\"image\":{\"@id\":\"https:\\\/\\\/www.yslretrospective.com\\\/index.php\\\/2024\\\/09\\\/23\\\/les-tenues-feminines-qui-ont-marque-lhistoire-mode-a-travers-les-ages\\\/#primaryimage\"},\"thumbnailUrl\":\"https:\\\/\\\/www.yslretrospective.com\\\/wp-content\\\/uploads\\\/2024\\\/09\\\/les_tenues_feminines_qui_ont_marque_l_histoire_mode_a_travers_les_ages.webp\",\"datePublished\":\"2024-09-23T19:34:22+00:00\",\"author\":{\"@id\":\"\"},\"description\":\"D\u00e9couvrez les tenues f\u00e9minines iconiques, de Marilyn Monroe \u00e0 Coco Chanel, et leur impact sur la mode et la culture \u00e0 travers les \u00e2ges.\",\"breadcrumb\":{\"@id\":\"https:\\\/\\\/www.yslretrospective.com\\\/index.php\\\/2024\\\/09\\\/23\\\/les-tenues-feminines-qui-ont-marque-lhistoire-mode-a-travers-les-ages\\\/#breadcrumb\"},\"inLanguage\":\"fr-FR\",\"potentialAction\":[{\"@type\":\"ReadAction\",\"target\":[\"https:\\\/\\\/www.yslretrospective.com\\\/index.php\\\/2024\\\/09\\\/23\\\/les-tenues-feminines-qui-ont-marque-lhistoire-mode-a-travers-les-ages\\\/\"]}]},{\"@type\":\"ImageObject\",\"inLanguage\":\"fr-FR\",\"@id\":\"https:\\\/\\\/www.yslretrospective.com\\\/index.php\\\/2024\\\/09\\\/23\\\/les-tenues-feminines-qui-ont-marque-lhistoire-mode-a-travers-les-ages\\\/#primaryimage\",\"url\":\"https:\\\/\\\/www.yslretrospective.com\\\/wp-content\\\/uploads\\\/2024\\\/09\\\/les_tenues_feminines_qui_ont_marque_l_histoire_mode_a_travers_les_ages.webp\",\"contentUrl\":\"https:\\\/\\\/www.yslretrospective.com\\\/wp-content\\\/uploads\\\/2024\\\/09\\\/les_tenues_feminines_qui_ont_marque_l_histoire_mode_a_travers_les_ages.webp\",\"width\":1913,\"height\":1080},{\"@type\":\"BreadcrumbList\",\"@id\":\"https:\\\/\\\/www.yslretrospective.com\\\/index.php\\\/2024\\\/09\\\/23\\\/les-tenues-feminines-qui-ont-marque-lhistoire-mode-a-travers-les-ages\\\/#breadcrumb\",\"itemListElement\":[{\"@type\":\"ListItem\",\"position\":1,\"name\":\"Accueil\",\"item\":\"https:\\\/\\\/www.yslretrospective.com\\\/\"},{\"@type\":\"ListItem\",\"position\":2,\"name\":\"les tenues f\u00e9minines qui ont marqu\u00e9 l&rsquo;histoire mode \u00e0 travers les \u00e2ges\"}]},{\"@type\":\"WebSite\",\"@id\":\"https:\\\/\\\/www.yslretrospective.com\\\/#website\",\"url\":\"https:\\\/\\\/www.yslretrospective.com\\\/\",\"name\":\"yslretrospective.com\",\"description\":\"\",\"potentialAction\":[{\"@type\":\"SearchAction\",\"target\":{\"@type\":\"EntryPoint\",\"urlTemplate\":\"https:\\\/\\\/www.yslretrospective.com\\\/?s={search_term_string}\"},\"query-input\":{\"@type\":\"PropertyValueSpecification\",\"valueRequired\":true,\"valueName\":\"search_term_string\"}}],\"inLanguage\":\"fr-FR\"}]}<\/script>\n<!-- \/ Yoast SEO plugin. -->","yoast_head_json":{"title":"Tenues f\u00e9minines embl\u00e9matiques qui ont marqu\u00e9 la mode","description":"D\u00e9couvrez les tenues f\u00e9minines iconiques, de Marilyn Monroe \u00e0 Coco Chanel, et leur impact sur la mode et la culture \u00e0 travers les \u00e2ges.","robots":{"index":"index","follow":"follow","max-snippet":"max-snippet:-1","max-image-preview":"max-image-preview:large","max-video-preview":"max-video-preview:-1"},"canonical":"https:\/\/www.yslretrospective.com\/index.php\/2024\/09\/23\/les-tenues-feminines-qui-ont-marque-lhistoire-mode-a-travers-les-ages\/","og_locale":"fr_FR","og_type":"article","og_title":"Tenues f\u00e9minines embl\u00e9matiques qui ont marqu\u00e9 la mode","og_description":"D\u00e9couvrez les tenues f\u00e9minines iconiques, de Marilyn Monroe \u00e0 Coco Chanel, et leur impact sur la mode et la culture \u00e0 travers les \u00e2ges.","og_url":"https:\/\/www.yslretrospective.com\/index.php\/2024\/09\/23\/les-tenues-feminines-qui-ont-marque-lhistoire-mode-a-travers-les-ages\/","og_site_name":"yslretrospective.com","article_published_time":"2024-09-23T19:34:22+00:00","og_image":[{"width":1913,"height":1080,"url":"https:\/\/www.yslretrospective.com\/wp-content\/uploads\/2024\/09\/les_tenues_feminines_qui_ont_marque_l_histoire_mode_a_travers_les_ages.webp","type":"image\/webp"}],"twitter_card":"summary_large_image","twitter_misc":{"Est. reading time":"7 minutes"},"schema":{"@context":"https:\/\/schema.org","@graph":[{"@type":"Article","@id":"https:\/\/www.yslretrospective.com\/index.php\/2024\/09\/23\/les-tenues-feminines-qui-ont-marque-lhistoire-mode-a-travers-les-ages\/#article","isPartOf":{"@id":"https:\/\/www.yslretrospective.com\/index.php\/2024\/09\/23\/les-tenues-feminines-qui-ont-marque-lhistoire-mode-a-travers-les-ages\/"},"author":{"name":"","@id":""},"headline":"les tenues f\u00e9minines qui ont marqu\u00e9 l&rsquo;histoire mode \u00e0 travers les \u00e2ges","datePublished":"2024-09-23T19:34:22+00:00","mainEntityOfPage":{"@id":"https:\/\/www.yslretrospective.com\/index.php\/2024\/09\/23\/les-tenues-feminines-qui-ont-marque-lhistoire-mode-a-travers-les-ages\/"},"wordCount":1352,"commentCount":0,"image":{"@id":"https:\/\/www.yslretrospective.com\/index.php\/2024\/09\/23\/les-tenues-feminines-qui-ont-marque-lhistoire-mode-a-travers-les-ages\/#primaryimage"},"thumbnailUrl":"https:\/\/www.yslretrospective.com\/wp-content\/uploads\/2024\/09\/les_tenues_feminines_qui_ont_marque_l_histoire_mode_a_travers_les_ages.webp","inLanguage":"fr-FR","potentialAction":[{"@type":"CommentAction","name":"Comment","target":["https:\/\/www.yslretrospective.com\/index.php\/2024\/09\/23\/les-tenues-feminines-qui-ont-marque-lhistoire-mode-a-travers-les-ages\/#respond"]}]},{"@type":"WebPage","@id":"https:\/\/www.yslretrospective.com\/index.php\/2024\/09\/23\/les-tenues-feminines-qui-ont-marque-lhistoire-mode-a-travers-les-ages\/","url":"https:\/\/www.yslretrospective.com\/index.php\/2024\/09\/23\/les-tenues-feminines-qui-ont-marque-lhistoire-mode-a-travers-les-ages\/","name":"Tenues f\u00e9minines embl\u00e9matiques qui ont marqu\u00e9 la mode","isPartOf":{"@id":"https:\/\/www.yslretrospective.com\/#website"},"primaryImageOfPage":{"@id":"https:\/\/www.yslretrospective.com\/index.php\/2024\/09\/23\/les-tenues-feminines-qui-ont-marque-lhistoire-mode-a-travers-les-ages\/#primaryimage"},"image":{"@id":"https:\/\/www.yslretrospective.com\/index.php\/2024\/09\/23\/les-tenues-feminines-qui-ont-marque-lhistoire-mode-a-travers-les-ages\/#primaryimage"},"thumbnailUrl":"https:\/\/www.yslretrospective.com\/wp-content\/uploads\/2024\/09\/les_tenues_feminines_qui_ont_marque_l_histoire_mode_a_travers_les_ages.webp","datePublished":"2024-09-23T19:34:22+00:00","author":{"@id":""},"description":"D\u00e9couvrez les tenues f\u00e9minines iconiques, de Marilyn Monroe \u00e0 Coco Chanel, et leur impact sur la mode et la culture \u00e0 travers les \u00e2ges.","breadcrumb":{"@id":"https:\/\/www.yslretrospective.com\/index.php\/2024\/09\/23\/les-tenues-feminines-qui-ont-marque-lhistoire-mode-a-travers-les-ages\/#breadcrumb"},"inLanguage":"fr-FR","potentialAction":[{"@type":"ReadAction","target":["https:\/\/www.yslretrospective.com\/index.php\/2024\/09\/23\/les-tenues-feminines-qui-ont-marque-lhistoire-mode-a-travers-les-ages\/"]}]},{"@type":"ImageObject","inLanguage":"fr-FR","@id":"https:\/\/www.yslretrospective.com\/index.php\/2024\/09\/23\/les-tenues-feminines-qui-ont-marque-lhistoire-mode-a-travers-les-ages\/#primaryimage","url":"https:\/\/www.yslretrospective.com\/wp-content\/uploads\/2024\/09\/les_tenues_feminines_qui_ont_marque_l_histoire_mode_a_travers_les_ages.webp","contentUrl":"https:\/\/www.yslretrospective.com\/wp-content\/uploads\/2024\/09\/les_tenues_feminines_qui_ont_marque_l_histoire_mode_a_travers_les_ages.webp","width":1913,"height":1080},{"@type":"BreadcrumbList","@id":"https:\/\/www.yslretrospective.com\/index.php\/2024\/09\/23\/les-tenues-feminines-qui-ont-marque-lhistoire-mode-a-travers-les-ages\/#breadcrumb","itemListElement":[{"@type":"ListItem","position":1,"name":"Accueil","item":"https:\/\/www.yslretrospective.com\/"},{"@type":"ListItem","position":2,"name":"les tenues f\u00e9minines qui ont marqu\u00e9 l&rsquo;histoire mode \u00e0 travers les \u00e2ges"}]},{"@type":"WebSite","@id":"https:\/\/www.yslretrospective.com\/#website","url":"https:\/\/www.yslretrospective.com\/","name":"yslretrospective.com","description":"","potentialAction":[{"@type":"SearchAction","target":{"@type":"EntryPoint","urlTemplate":"https:\/\/www.yslretrospective.com\/?s={search_term_string}"},"query-input":{"@type":"PropertyValueSpecification","valueRequired":true,"valueName":"search_term_string"}}],"inLanguage":"fr-FR"}]}},"_links":{"self":[{"href":"https:\/\/www.yslretrospective.com\/index.php\/wp-json\/wp\/v2\/posts\/430","targetHints":{"allow":["GET"]}}],"collection":[{"href":"https:\/\/www.yslretrospective.com\/index.php\/wp-json\/wp\/v2\/posts"}],"about":[{"href":"https:\/\/www.yslretrospective.com\/index.php\/wp-json\/wp\/v2\/types\/post"}],"replies":[{"embeddable":true,"href":"https:\/\/www.yslretrospective.com\/index.php\/wp-json\/wp\/v2\/comments?post=430"}],"version-history":[{"count":0,"href":"https:\/\/www.yslretrospective.com\/index.php\/wp-json\/wp\/v2\/posts\/430\/revisions"}],"wp:featuredmedia":[{"embeddable":true,"href":"https:\/\/www.yslretrospective.com\/index.php\/wp-json\/wp\/v2\/media\/431"}],"wp:attachment":[{"href":"https:\/\/www.yslretrospective.com\/index.php\/wp-json\/wp\/v2\/media?parent=430"}],"wp:term":[{"taxonomy":"category","embeddable":true,"href":"https:\/\/www.yslretrospective.com\/index.php\/wp-json\/wp\/v2\/categories?post=430"},{"taxonomy":"post_tag","embeddable":true,"href":"https:\/\/www.yslretrospective.com\/index.php\/wp-json\/wp\/v2\/tags?post=430"}],"curies":[{"name":"wp","href":"https:\/\/api.w.org\/{rel}","templated":true}]}}