{"id":233,"date":"2021-12-12T12:59:00","date_gmt":"2021-12-12T11:59:00","guid":{"rendered":"https:\/\/www.yslretrospective.com\/index.php\/2021\/12\/12\/quand-devez-vous-jeter-vos-produits-de-beaute\/"},"modified":"2021-12-12T12:59:00","modified_gmt":"2021-12-12T11:59:00","slug":"quand-devez-vous-jeter-vos-produits-de-beaute","status":"publish","type":"post","link":"https:\/\/www.yslretrospective.com\/index.php\/2021\/12\/12\/quand-devez-vous-jeter-vos-produits-de-beaute\/","title":{"rendered":"Quand devez-vous jeter vos produits de beaut\u00e9 ?"},"content":{"rendered":"<p><\/p>\n<p>Soyons honn\u00eates, nous conservons tous des produits de beaut\u00e9 dont la date limite de vente est probablement largement d\u00e9pass\u00e9e. Je suis pratiquement s\u00fbre que nous avons toutes un mascara que nous avons achet\u00e9 il y a 3 ans, et 7 teintes de fond de teint diff\u00e9rentes, juste au cas o\u00f9 nous bronzerions diff\u00e9remment cet \u00e9t\u00e9. Cependant, il est vrai que le maquillage a une date de p\u00e9remption et que l&rsquo;utilisation d&rsquo;un produit p\u00e9rim\u00e9 peut m\u00eame nuire \u00e0 votre superbe visage. Par cons\u00e9quent, nous avons fait de s\u00e9rieuses recherches et avons trouv\u00e9 combien de temps vous devriez garder vos produits de beaut\u00e9&#8230;<\/p>\n<p>&nbsp;<\/p>\n<h2>La dur\u00e9e de conservation de chaque produit<\/h2>\n<p>Le mascara est dangereux : s&rsquo;il n&rsquo;est pas jet\u00e9 dans les trois mois suivant l&rsquo;achat, vous risquez une grave infection oculaire ! Comme vous mettez la baguette pr\u00e8s de (ou parfois, douloureusement, dans votre \u0153il, le risque d&rsquo;infection est beaucoup plus \u00e9lev\u00e9 que pour d&rsquo;autres produits comme les crayons pour les yeux et les liners. Lorsque votre mascara s\u00e8che, jetez-le imm\u00e9diatement &#8211; n&rsquo;essayez pas d&rsquo;ajouter de l&rsquo;eau pour le faire durer plus longtemps, c&rsquo;est probablement la pire chose \u00e0 faire !&nbsp;<\/p>\n<p>Le meilleur conseil pour conserver un parfum le plus longtemps possible est de ranger vos senteurs \u00e0 l&rsquo;abri du soleil, cela leur fait perdre leur senteur magnifique ! Votre parfum a beau \u00eatre ind\u00e9modable, il ne restera fid\u00e8le \u00e0 son odeur d&rsquo;origine que deux ans apr\u00e8s son achat !<\/p>\n<p>Vous savez, ce rouge \u00e0 l\u00e8vres que vous avez perdu au fond de votre sac ? Eh bien, bonne nouvelle, car il est bon jusqu&rsquo;\u00e0 2 ans ! Vous aurez tout le temps d&rsquo;utiliser votre rouge \u00e0 l\u00e8vre pr\u00e9f\u00e9r\u00e9 jusqu&rsquo;\u00e0 ce qu&rsquo;il n&rsquo;en reste plus !<\/p>\n<p>&nbsp;<\/p>\n<p>Le shampoing et l&rsquo;apr\u00e8s-shampoing servent \u00e0 garder vos cheveux sains et propres, c&rsquo;est pourquoi vous ne devez les garder dans votre douche que pendant un an maximum &#8211; \u00e0 condition que l&rsquo;un d&rsquo;eux ne soit pas \u00e9puis\u00e9 avant l&rsquo;autre, bien s\u00fbr !&nbsp;<\/p>\n<p>Les cr\u00e8mes pour la peau, cependant, sont l\u00e9g\u00e8rement diff\u00e9rentes. Les produits anti-\u00e2ge, surtout s&rsquo;ils contiennent des ingr\u00e9dients antioxydants comme la vitamine C et le r\u00e9tinol, ne durent que 6 mois. C&rsquo;est une bonne id\u00e9e de surveiller ce que contiennent vos cr\u00e8mes pour la peau et d&rsquo;utiliser les produits les plus naturels du march\u00e9 : votre peau ne m\u00e9rite que le meilleur !<\/p>\n","protected":false},"excerpt":{"rendered":"<p>Soyons honn\u00eates, nous conservons tous des produits de beaut\u00e9 dont la date limite de vente est probablement largement d\u00e9pass\u00e9e. Je suis pratiquement s\u00fbre que nous avons toutes un mascara que nous avons achet\u00e9 il y a 3 ans, et 7 teintes de fond de teint diff\u00e9rentes, juste au cas o\u00f9 nous bronzerions diff\u00e9remment cet \u00e9t\u00e9. [&hellip;]<\/p>\n","protected":false},"author":0,"featured_media":234,"comment_status":"open","ping_status":"open","sticky":false,"template":"","format":"standard","meta":{"footnotes":""},"categories":[12],"tags":[],"class_list":["post-233","post","type-post","status-publish","format-standard","has-post-thumbnail","hentry","category-beaute-au-naturelle"],"yoast_head":"<!-- This site is optimized with the Yoast SEO plugin v27.4 - https:\/\/yoast.com\/product\/yoast-seo-wordpress\/ -->\n<title>Quand devez-vous jeter vos produits de beaut&eacute; ?<\/title>\n<meta name=\"description\" content=\"Nous gardons tous nos produits de beaut&eacute; plus longtemps que nous ne le devrions vraiment. Voici comment utiliser chaque produit &agrave; temps et quand vous devez jeter vos produits de beaut&eacute; !\" \/>\n<meta name=\"robots\" content=\"index, follow, max-snippet:-1, max-image-preview:large, max-video-preview:-1\" \/>\n<link rel=\"canonical\" href=\"https:\/\/www.yslretrospective.com\/index.php\/2021\/12\/12\/quand-devez-vous-jeter-vos-produits-de-beaute\/\" \/>\n<meta property=\"og:locale\" content=\"fr_FR\" \/>\n<meta property=\"og:type\" content=\"article\" \/>\n<meta property=\"og:title\" content=\"Quand devez-vous jeter vos produits de beaut&eacute; ?\" \/>\n<meta property=\"og:description\" content=\"Nous gardons tous nos produits de beaut&eacute; plus longtemps que nous ne le devrions vraiment. Voici comment utiliser chaque produit &agrave; temps et quand vous devez jeter vos produits de beaut&eacute; !\" \/>\n<meta property=\"og:url\" content=\"https:\/\/www.yslretrospective.com\/index.php\/2021\/12\/12\/quand-devez-vous-jeter-vos-produits-de-beaute\/\" \/>\n<meta property=\"og:site_name\" content=\"yslretrospective.com\" \/>\n<meta property=\"article:published_time\" content=\"2021-12-12T11:59:00+00:00\" \/>\n<meta property=\"og:image\" content=\"https:\/\/www.yslretrospective.com\/wp-content\/uploads\/2021\/12\/Quand_devez_vous_jeter_vos_produits_de_beaute_-1.jpg\" \/>\n\t<meta property=\"og:image:width\" content=\"1280\" \/>\n\t<meta property=\"og:image:height\" content=\"851\" \/>\n\t<meta property=\"og:image:type\" content=\"image\/jpeg\" \/>\n<meta name=\"twitter:card\" content=\"summary_large_image\" \/>\n<meta name=\"twitter:label1\" content=\"Est. reading time\" \/>\n\t<meta name=\"twitter:data1\" content=\"2 minutes\" \/>\n<script type=\"application\/ld+json\" class=\"yoast-schema-graph\">{\"@context\":\"https:\\\/\\\/schema.org\",\"@graph\":[{\"@type\":\"Article\",\"@id\":\"https:\\\/\\\/www.yslretrospective.com\\\/index.php\\\/2021\\\/12\\\/12\\\/quand-devez-vous-jeter-vos-produits-de-beaute\\\/#article\",\"isPartOf\":{\"@id\":\"https:\\\/\\\/www.yslretrospective.com\\\/index.php\\\/2021\\\/12\\\/12\\\/quand-devez-vous-jeter-vos-produits-de-beaute\\\/\"},\"author\":{\"name\":\"\",\"@id\":\"\"},\"headline\":\"Quand devez-vous jeter vos produits de beaut\u00e9 ?\",\"datePublished\":\"2021-12-12T11:59:00+00:00\",\"mainEntityOfPage\":{\"@id\":\"https:\\\/\\\/www.yslretrospective.com\\\/index.php\\\/2021\\\/12\\\/12\\\/quand-devez-vous-jeter-vos-produits-de-beaute\\\/\"},\"wordCount\":434,\"commentCount\":0,\"image\":{\"@id\":\"https:\\\/\\\/www.yslretrospective.com\\\/index.php\\\/2021\\\/12\\\/12\\\/quand-devez-vous-jeter-vos-produits-de-beaute\\\/#primaryimage\"},\"thumbnailUrl\":\"https:\\\/\\\/www.yslretrospective.com\\\/wp-content\\\/uploads\\\/2021\\\/12\\\/Quand_devez_vous_jeter_vos_produits_de_beaute_-1.jpg\",\"articleSection\":[\"Beaut\u00e9 au naturelle\"],\"inLanguage\":\"fr-FR\",\"potentialAction\":[{\"@type\":\"CommentAction\",\"name\":\"Comment\",\"target\":[\"https:\\\/\\\/www.yslretrospective.com\\\/index.php\\\/2021\\\/12\\\/12\\\/quand-devez-vous-jeter-vos-produits-de-beaute\\\/#respond\"]}]},{\"@type\":\"WebPage\",\"@id\":\"https:\\\/\\\/www.yslretrospective.com\\\/index.php\\\/2021\\\/12\\\/12\\\/quand-devez-vous-jeter-vos-produits-de-beaute\\\/\",\"url\":\"https:\\\/\\\/www.yslretrospective.com\\\/index.php\\\/2021\\\/12\\\/12\\\/quand-devez-vous-jeter-vos-produits-de-beaute\\\/\",\"name\":\"Quand devez-vous jeter vos produits de beaut&eacute; ?\",\"isPartOf\":{\"@id\":\"https:\\\/\\\/www.yslretrospective.com\\\/#website\"},\"primaryImageOfPage\":{\"@id\":\"https:\\\/\\\/www.yslretrospective.com\\\/index.php\\\/2021\\\/12\\\/12\\\/quand-devez-vous-jeter-vos-produits-de-beaute\\\/#primaryimage\"},\"image\":{\"@id\":\"https:\\\/\\\/www.yslretrospective.com\\\/index.php\\\/2021\\\/12\\\/12\\\/quand-devez-vous-jeter-vos-produits-de-beaute\\\/#primaryimage\"},\"thumbnailUrl\":\"https:\\\/\\\/www.yslretrospective.com\\\/wp-content\\\/uploads\\\/2021\\\/12\\\/Quand_devez_vous_jeter_vos_produits_de_beaute_-1.jpg\",\"datePublished\":\"2021-12-12T11:59:00+00:00\",\"author\":{\"@id\":\"\"},\"description\":\"Nous gardons tous nos produits de beaut&eacute; plus longtemps que nous ne le devrions vraiment. Voici comment utiliser chaque produit &agrave; temps et quand vous devez jeter vos produits de beaut&eacute; !\",\"breadcrumb\":{\"@id\":\"https:\\\/\\\/www.yslretrospective.com\\\/index.php\\\/2021\\\/12\\\/12\\\/quand-devez-vous-jeter-vos-produits-de-beaute\\\/#breadcrumb\"},\"inLanguage\":\"fr-FR\",\"potentialAction\":[{\"@type\":\"ReadAction\",\"target\":[\"https:\\\/\\\/www.yslretrospective.com\\\/index.php\\\/2021\\\/12\\\/12\\\/quand-devez-vous-jeter-vos-produits-de-beaute\\\/\"]}]},{\"@type\":\"ImageObject\",\"inLanguage\":\"fr-FR\",\"@id\":\"https:\\\/\\\/www.yslretrospective.com\\\/index.php\\\/2021\\\/12\\\/12\\\/quand-devez-vous-jeter-vos-produits-de-beaute\\\/#primaryimage\",\"url\":\"https:\\\/\\\/www.yslretrospective.com\\\/wp-content\\\/uploads\\\/2021\\\/12\\\/Quand_devez_vous_jeter_vos_produits_de_beaute_-1.jpg\",\"contentUrl\":\"https:\\\/\\\/www.yslretrospective.com\\\/wp-content\\\/uploads\\\/2021\\\/12\\\/Quand_devez_vous_jeter_vos_produits_de_beaute_-1.jpg\",\"width\":1280,\"height\":851},{\"@type\":\"BreadcrumbList\",\"@id\":\"https:\\\/\\\/www.yslretrospective.com\\\/index.php\\\/2021\\\/12\\\/12\\\/quand-devez-vous-jeter-vos-produits-de-beaute\\\/#breadcrumb\",\"itemListElement\":[{\"@type\":\"ListItem\",\"position\":1,\"name\":\"Accueil\",\"item\":\"https:\\\/\\\/www.yslretrospective.com\\\/\"},{\"@type\":\"ListItem\",\"position\":2,\"name\":\"Quand devez-vous jeter vos produits de beaut\u00e9 ?\"}]},{\"@type\":\"WebSite\",\"@id\":\"https:\\\/\\\/www.yslretrospective.com\\\/#website\",\"url\":\"https:\\\/\\\/www.yslretrospective.com\\\/\",\"name\":\"yslretrospective.com\",\"description\":\"\",\"potentialAction\":[{\"@type\":\"SearchAction\",\"target\":{\"@type\":\"EntryPoint\",\"urlTemplate\":\"https:\\\/\\\/www.yslretrospective.com\\\/?s={search_term_string}\"},\"query-input\":{\"@type\":\"PropertyValueSpecification\",\"valueRequired\":true,\"valueName\":\"search_term_string\"}}],\"inLanguage\":\"fr-FR\"}]}<\/script>\n<!-- \/ Yoast SEO plugin. -->","yoast_head_json":{"title":"Quand devez-vous jeter vos produits de beaut&eacute; ?","description":"Nous gardons tous nos produits de beaut&eacute; plus longtemps que nous ne le devrions vraiment. Voici comment utiliser chaque produit &agrave; temps et quand vous devez jeter vos produits de beaut&eacute; !","robots":{"index":"index","follow":"follow","max-snippet":"max-snippet:-1","max-image-preview":"max-image-preview:large","max-video-preview":"max-video-preview:-1"},"canonical":"https:\/\/www.yslretrospective.com\/index.php\/2021\/12\/12\/quand-devez-vous-jeter-vos-produits-de-beaute\/","og_locale":"fr_FR","og_type":"article","og_title":"Quand devez-vous jeter vos produits de beaut&eacute; ?","og_description":"Nous gardons tous nos produits de beaut&eacute; plus longtemps que nous ne le devrions vraiment. Voici comment utiliser chaque produit &agrave; temps et quand vous devez jeter vos produits de beaut&eacute; !","og_url":"https:\/\/www.yslretrospective.com\/index.php\/2021\/12\/12\/quand-devez-vous-jeter-vos-produits-de-beaute\/","og_site_name":"yslretrospective.com","article_published_time":"2021-12-12T11:59:00+00:00","og_image":[{"width":1280,"height":851,"url":"https:\/\/www.yslretrospective.com\/wp-content\/uploads\/2021\/12\/Quand_devez_vous_jeter_vos_produits_de_beaute_-1.jpg","type":"image\/jpeg"}],"twitter_card":"summary_large_image","twitter_misc":{"Est. reading time":"2 minutes"},"schema":{"@context":"https:\/\/schema.org","@graph":[{"@type":"Article","@id":"https:\/\/www.yslretrospective.com\/index.php\/2021\/12\/12\/quand-devez-vous-jeter-vos-produits-de-beaute\/#article","isPartOf":{"@id":"https:\/\/www.yslretrospective.com\/index.php\/2021\/12\/12\/quand-devez-vous-jeter-vos-produits-de-beaute\/"},"author":{"name":"","@id":""},"headline":"Quand devez-vous jeter vos produits de beaut\u00e9 ?","datePublished":"2021-12-12T11:59:00+00:00","mainEntityOfPage":{"@id":"https:\/\/www.yslretrospective.com\/index.php\/2021\/12\/12\/quand-devez-vous-jeter-vos-produits-de-beaute\/"},"wordCount":434,"commentCount":0,"image":{"@id":"https:\/\/www.yslretrospective.com\/index.php\/2021\/12\/12\/quand-devez-vous-jeter-vos-produits-de-beaute\/#primaryimage"},"thumbnailUrl":"https:\/\/www.yslretrospective.com\/wp-content\/uploads\/2021\/12\/Quand_devez_vous_jeter_vos_produits_de_beaute_-1.jpg","articleSection":["Beaut\u00e9 au naturelle"],"inLanguage":"fr-FR","potentialAction":[{"@type":"CommentAction","name":"Comment","target":["https:\/\/www.yslretrospective.com\/index.php\/2021\/12\/12\/quand-devez-vous-jeter-vos-produits-de-beaute\/#respond"]}]},{"@type":"WebPage","@id":"https:\/\/www.yslretrospective.com\/index.php\/2021\/12\/12\/quand-devez-vous-jeter-vos-produits-de-beaute\/","url":"https:\/\/www.yslretrospective.com\/index.php\/2021\/12\/12\/quand-devez-vous-jeter-vos-produits-de-beaute\/","name":"Quand devez-vous jeter vos produits de beaut&eacute; ?","isPartOf":{"@id":"https:\/\/www.yslretrospective.com\/#website"},"primaryImageOfPage":{"@id":"https:\/\/www.yslretrospective.com\/index.php\/2021\/12\/12\/quand-devez-vous-jeter-vos-produits-de-beaute\/#primaryimage"},"image":{"@id":"https:\/\/www.yslretrospective.com\/index.php\/2021\/12\/12\/quand-devez-vous-jeter-vos-produits-de-beaute\/#primaryimage"},"thumbnailUrl":"https:\/\/www.yslretrospective.com\/wp-content\/uploads\/2021\/12\/Quand_devez_vous_jeter_vos_produits_de_beaute_-1.jpg","datePublished":"2021-12-12T11:59:00+00:00","author":{"@id":""},"description":"Nous gardons tous nos produits de beaut&eacute; plus longtemps que nous ne le devrions vraiment. Voici comment utiliser chaque produit &agrave; temps et quand vous devez jeter vos produits de beaut&eacute; !","breadcrumb":{"@id":"https:\/\/www.yslretrospective.com\/index.php\/2021\/12\/12\/quand-devez-vous-jeter-vos-produits-de-beaute\/#breadcrumb"},"inLanguage":"fr-FR","potentialAction":[{"@type":"ReadAction","target":["https:\/\/www.yslretrospective.com\/index.php\/2021\/12\/12\/quand-devez-vous-jeter-vos-produits-de-beaute\/"]}]},{"@type":"ImageObject","inLanguage":"fr-FR","@id":"https:\/\/www.yslretrospective.com\/index.php\/2021\/12\/12\/quand-devez-vous-jeter-vos-produits-de-beaute\/#primaryimage","url":"https:\/\/www.yslretrospective.com\/wp-content\/uploads\/2021\/12\/Quand_devez_vous_jeter_vos_produits_de_beaute_-1.jpg","contentUrl":"https:\/\/www.yslretrospective.com\/wp-content\/uploads\/2021\/12\/Quand_devez_vous_jeter_vos_produits_de_beaute_-1.jpg","width":1280,"height":851},{"@type":"BreadcrumbList","@id":"https:\/\/www.yslretrospective.com\/index.php\/2021\/12\/12\/quand-devez-vous-jeter-vos-produits-de-beaute\/#breadcrumb","itemListElement":[{"@type":"ListItem","position":1,"name":"Accueil","item":"https:\/\/www.yslretrospective.com\/"},{"@type":"ListItem","position":2,"name":"Quand devez-vous jeter vos produits de beaut\u00e9 ?"}]},{"@type":"WebSite","@id":"https:\/\/www.yslretrospective.com\/#website","url":"https:\/\/www.yslretrospective.com\/","name":"yslretrospective.com","description":"","potentialAction":[{"@type":"SearchAction","target":{"@type":"EntryPoint","urlTemplate":"https:\/\/www.yslretrospective.com\/?s={search_term_string}"},"query-input":{"@type":"PropertyValueSpecification","valueRequired":true,"valueName":"search_term_string"}}],"inLanguage":"fr-FR"}]}},"_links":{"self":[{"href":"https:\/\/www.yslretrospective.com\/index.php\/wp-json\/wp\/v2\/posts\/233","targetHints":{"allow":["GET"]}}],"collection":[{"href":"https:\/\/www.yslretrospective.com\/index.php\/wp-json\/wp\/v2\/posts"}],"about":[{"href":"https:\/\/www.yslretrospective.com\/index.php\/wp-json\/wp\/v2\/types\/post"}],"replies":[{"embeddable":true,"href":"https:\/\/www.yslretrospective.com\/index.php\/wp-json\/wp\/v2\/comments?post=233"}],"version-history":[{"count":0,"href":"https:\/\/www.yslretrospective.com\/index.php\/wp-json\/wp\/v2\/posts\/233\/revisions"}],"wp:featuredmedia":[{"embeddable":true,"href":"https:\/\/www.yslretrospective.com\/index.php\/wp-json\/wp\/v2\/media\/234"}],"wp:attachment":[{"href":"https:\/\/www.yslretrospective.com\/index.php\/wp-json\/wp\/v2\/media?parent=233"}],"wp:term":[{"taxonomy":"category","embeddable":true,"href":"https:\/\/www.yslretrospective.com\/index.php\/wp-json\/wp\/v2\/categories?post=233"},{"taxonomy":"post_tag","embeddable":true,"href":"https:\/\/www.yslretrospective.com\/index.php\/wp-json\/wp\/v2\/tags?post=233"}],"curies":[{"name":"wp","href":"https:\/\/api.w.org\/{rel}","templated":true}]}}