{"id":197,"date":"2021-12-29T09:17:00","date_gmt":"2021-12-29T08:17:00","guid":{"rendered":"https:\/\/www.yslretrospective.com\/?p=197"},"modified":"2021-12-29T09:17:00","modified_gmt":"2021-12-29T08:17:00","slug":"tuto-facile-masque-cheveux-a-la-maizena","status":"publish","type":"post","link":"https:\/\/www.yslretrospective.com\/index.php\/2021\/12\/29\/tuto-facile-masque-cheveux-a-la-maizena\/","title":{"rendered":"Tuto facile: masque cheveux \u00e0 la ma\u00efzena"},"content":{"rendered":"<\/p>\n<p>Ces derniers temps, le <strong>masque ma\u00efzena<\/strong> fait du grand bruit \u00e0 travers les r\u00e9seaux sociaux. \u00c9tant un ingr\u00e9dient phare dans les masques maison, ses <i>vertus capillaires<\/i> sont \u00e9tonnamment miraculeuses. Si vous souhaitez revitaliser et nourrir profond\u00e9ment vos cheveux, d\u00e9couvrez les modes d\u2019utilisation du masque \u00e0 la ma\u00efzena.&nbsp;<\/p>\n<h2>&nbsp;Recette masque cheveux \u00e0 la ma\u00efzena classique<\/h2>\n<p>Le masque \u00e0 la ma\u00efzena classique est tr\u00e8s facile \u00e0 r\u00e9aliser. Ce soin est tr\u00e8s efficace pour apporter une hydratation profonde aux cheveux. Il est \u00e9galement id\u00e9al pour prendre soin <i>des boucles<\/i>. Pour le r\u00e9aliser, vous aurez besoin de <strong>200&nbsp;ml d\u2019eau<\/strong> et <strong>d\u2019une cuill\u00e8re \u00e0 soupe de ma\u00efzena<\/strong>. Pour la pr\u00e9paration, mettez la ma\u00efzena et chauffez le m\u00e9lange \u00e0 feu doux. \u00c0 l\u2019aide d\u2019une cuill\u00e8re en bois, m\u00e9langez en permanence le tout. Une fois que vous obtenez une texture moyennement <i>g\u00e9lifi\u00e9e,<\/i> vous pouvez arr\u00eater le feu. Ensuite, versez votre pr\u00e9paration dans un bol propre. En fonction de vos objectifs, vous pouvez ajouter d\u2019autres ingr\u00e9dients naturels, tels que&nbsp;:<\/p>\n<ul>\n<li>L\u2019aloe vera<\/li>\n<li>La glyc\u00e9rine<\/li>\n<li>L\u2019huile d\u2019olive<\/li>\n<li>L\u2019huile de jojoba<\/li>\n<\/ul>\n<h2>Pour quels types de cheveux\u2009?<\/h2>\n<p>Le masque ma\u00efzena est excellent pour diff\u00e9rents types de cheveux. Compos\u00e9 de <i>f\u00e9cule de ma\u00efs<\/i>, il poss\u00e8de de multiples vertus.&nbsp;<\/p>\n<ul>\n<li><strong>Cheveux cr\u00e9pus<\/strong>&nbsp;: il permet de contr\u00f4ler les frisottis, apportant de la brillance, vitalit\u00e9 et douceur aux cheveux. De plus, il facilite le d\u00e9m\u00ealage et le coiffage<\/li>\n<li><strong>Cheveux ondul\u00e9s, fris\u00e9s<\/strong> et <strong>cr\u00e9pus<\/strong>&nbsp;: il fortifie la <i>fibre capillaire<\/i>. Il prot\u00e8ge \u00e9galement les cheveux des agressions ext\u00e9rieures telles que la coloration ou les appareils chauffants. Enfin, il r\u00e9duit la <i>chute des cheveux<\/i><\/li>\n<li><strong>Cheveux lisses<\/strong>&nbsp;: si vous \u00eates un adepte de lissage, ce masque facilite ce processus. Il permet \u00e9galement de peigner et de lisser les cheveux cr\u00e9pus<\/li>\n<li><strong>Cheveux gras<\/strong>&nbsp;: ce masque permet de contr\u00f4ler <i>l\u2019exc\u00e8s de s\u00e9bum<\/i> secr\u00e9t\u00e9 par les glandes s\u00e9bac\u00e9es sur le cuir chevelu<\/li>\n<\/ul>\n<h2>Quels sont les bienfaits de la ma\u00efzena sur vos cheveux\u2009?<\/h2>\n<p>Le masque \u00e0 la ma\u00efzena est un excellent <i>assouplissant naturel<\/i>. De plus, il est tr\u00e8s facile \u00e0 r\u00e9aliser. Si vous avez des cheveux indisciplin\u00e9s et ternes, ce produit capillaire naturel rend les cheveux lisses et brillants. Les bienfaits de ce masque sont nombreux.<\/p>\n<h3>Un shampoing sec et nature<\/h3>\n<p>Si vous n\u2019avez pas le temps de vous laver les cheveux, la f\u00e9cule de ma\u00efs peut \u00eatre utilis\u00e9 comme un <strong>shampoing sec<\/strong>. Au lieu de vous servir d\u2019un shampoing sec du supermarch\u00e9, ce produit naturel est plus b\u00e9n\u00e9fique. La ma\u00efzena a pour r\u00f4le d\u2019absorber l\u2019exc\u00e8s d\u2019huile dans vos cheveux. Elle laisse un film doux afin de rendre les cheveux plus lisses et soyeux. Elle garde une hydratation intense au cuir chevelu, et vous \u00e9vite des d\u00e9mangeaisons, elle r\u00e9duit \u00e9galement l\u2019apparition <i>des pellicules<\/i>. Pour ce faire&nbsp;:<\/p>\n<ul>\n<li>Saupoudrez vos racines de ma\u00efzena<\/li>\n<li>Laissez poser 5 minutes<\/li>\n<li>Peignez<\/li>\n<\/ul>\n<h3>Un assouplissant naturel<\/h3>\n<p>Lorsque les cheveux deviennent lisses et soyeux, la chevelure devient plus souple et reste domptable. Pour cette \u00e9tape, saupoudrez la f\u00e9cule de ma\u00efs sur votre cuir chevelu. Ensuite, brossez l\u00e9g\u00e8rement vos cheveux en partant des racines jusqu\u2019aux pointes.&nbsp;<\/p>\n<h3>Un d\u00e9m\u00ealant<\/h3>\n<p>Il n\u2019est pas n\u00e9cessaire de couper vos cheveux quand ils sont trop emm\u00eal\u00e9s. Vous pouvez saupoudrer une bonne quantit\u00e9 de ma\u00efzena sur le n\u0153ud qui vous d\u00e9range. Apr\u00e8s 5 \u00e0 10 minutes, essayez de d\u00e9m\u00ealer vos cheveux \u00e0 nouveau.&nbsp;<\/p>\n<h3>Un gain en volume<\/h3>\n<p>Les ingr\u00e9dients \u00e0 base d\u2019amidon ont pour r\u00f4le d\u2019augmenter l\u2019\u00e9paisseur de vos pr\u00e9parations culinaires afin de les faire gonfler. Ce m\u00eame principe est valable pour vos cheveux. Ainsi, la ma\u00efzena permet d\u2019apporter plus de volume aux cheveux boucl\u00e9s et aux cheveux fins. En l\u2019associant \u00e0 un shampoing sec maison, il y aura plus de r\u00e9sultats. Avec de petites quantit\u00e9s, frottez d\u00e9licatement la f\u00e9cule sur les racines et les longueurs.<\/p>\n<h3>Le contr\u00f4le des frisottis<\/h3>\n<p>Les frisottis deviennent souvent inconfortables. Indisciplin\u00e9s, ils sont difficiles \u00e0 coiffer. Gr\u00e2ce au masque ma\u00efzena, vous n\u2019aurez plus un tel souci capillaire. Son effet lisant lutte contre l\u2019humidit\u00e9 et les frisottis. En effet, la ma\u00efzena n\u2019ab\u00eeme en aucun cas les cheveux. En utilisant plusieurs fois la ma\u00efzena par semaine, les cheveux deviennent plus lisses. &nbsp;<\/p>\n<h2>\u00c0 quelle fr\u00e9quence faut-il faire un masque \u00e0 la ma\u00efzena\u2009?<\/h2>\n<p>Le masque ma\u00efzena peut \u00eatre utilis\u00e9 avec d\u2019autres ingr\u00e9dients pour optimiser le r\u00e9sultat.&nbsp;<\/p>\n<ul>\n<li><strong>Masque classique<\/strong>&nbsp;: pour avoir des boucles brillantes et rebondies, appliquez votre masque ma\u00efzena <i>plusieurs fois par semaine<\/i><\/li>\n<li><strong>Masque ma\u00efzena au miel et \u00e0 l\u2019huile de coco<\/strong>&nbsp;: Vous pouvez r\u00e9aliser ce soin <i>2 \u00e0 3 fois par<\/i> <i>semaine<\/i>. Posez le produit m\u00e8che par m\u00e8che sur les cheveux sales avant de faire le lavage<\/li>\n<li><strong>Masque ma\u00efzena aux \u0153ufs et au miel<\/strong>&nbsp;: il est appliqu\u00e9 sur des cheveux humides. Il requiert un temps de pause de <i>45 minutes<\/i> avant son rin\u00e7age. Vous pouvez l\u2019appliquer une fois par semaine pour un r\u00e9sultat surprenant<\/li>\n<li><strong>Masque ma\u00efzena au lait de coco<\/strong>&nbsp;: il est \u00e0 appliquer sur des cheveux sales avant le lavage. Vous pouvez le r\u00e9aliser <i>2 fois par semaine<\/i><\/li>\n<\/ul>\n<p>Ainsi, le masque \u00e0 la ma\u00efzena est un incontournable soin pour avoir des cheveux naturels et soyeux. Pour plus de r\u00e9sultats et en fonction des besoins de votre chevelure, vous pouvez adopter d\u2019autres ingr\u00e9dients pour l\u2019accompagner. &nbsp;<\/p>\n<p>&nbsp;<\/p>\n<p>&nbsp;<\/p>\n<p>&nbsp;<\/p>\n","protected":false},"excerpt":{"rendered":"<p>Ces derniers temps, le masque ma\u00efzena fait du grand bruit \u00e0 travers les r\u00e9seaux sociaux. \u00c9tant un ingr\u00e9dient phare dans les masques maison, ses vertus capillaires sont \u00e9tonnamment miraculeuses. Si vous souhaitez revitaliser et nourrir profond\u00e9ment vos cheveux, d\u00e9couvrez les modes d\u2019utilisation du masque \u00e0 la ma\u00efzena.&nbsp; &nbsp;Recette masque cheveux \u00e0 la ma\u00efzena classique Le [&hellip;]<\/p>\n","protected":false},"author":0,"featured_media":198,"comment_status":"open","ping_status":"open","sticky":false,"template":"","format":"standard","meta":{"footnotes":""},"categories":[13],"tags":[],"class_list":["post-197","post","type-post","status-publish","format-standard","has-post-thumbnail","hentry","category-maternite-et-bebe"],"yoast_head":"<!-- This site is optimized with the Yoast SEO plugin v27.5 - https:\/\/yoast.com\/product\/yoast-seo-wordpress\/ -->\n<title>Des cheveux plus sains grce au masque cheveux ma&iuml;zena.<\/title>\n<meta name=\"description\" content=\"Le masque cheveux ma&iuml;zena est un soin naturel s&rsquo;adaptant &agrave; tous les types de cheveux.\" \/>\n<meta name=\"robots\" content=\"index, follow, max-snippet:-1, max-image-preview:large, max-video-preview:-1\" \/>\n<link rel=\"canonical\" href=\"https:\/\/www.yslretrospective.com\/index.php\/2021\/12\/29\/tuto-facile-masque-cheveux-a-la-maizena\/\" \/>\n<meta property=\"og:locale\" content=\"fr_FR\" \/>\n<meta property=\"og:type\" content=\"article\" \/>\n<meta property=\"og:title\" content=\"Des cheveux plus sains grce au masque cheveux ma&iuml;zena.\" \/>\n<meta property=\"og:description\" content=\"Le masque cheveux ma&iuml;zena est un soin naturel s&rsquo;adaptant &agrave; tous les types de cheveux.\" \/>\n<meta property=\"og:url\" content=\"https:\/\/www.yslretrospective.com\/index.php\/2021\/12\/29\/tuto-facile-masque-cheveux-a-la-maizena\/\" \/>\n<meta property=\"og:site_name\" content=\"yslretrospective.com\" \/>\n<meta property=\"article:published_time\" content=\"2021-12-29T08:17:00+00:00\" \/>\n<meta property=\"og:image\" content=\"https:\/\/www.yslretrospective.com\/wp-content\/uploads\/2021\/12\/Tuto_facile_masque_cheveux_a_la_maizena.jpg\" \/>\n\t<meta property=\"og:image:width\" content=\"1280\" \/>\n\t<meta property=\"og:image:height\" content=\"827\" \/>\n\t<meta property=\"og:image:type\" content=\"image\/jpeg\" \/>\n<meta name=\"twitter:card\" content=\"summary_large_image\" \/>\n<meta name=\"twitter:label1\" content=\"Est. reading time\" \/>\n\t<meta name=\"twitter:data1\" content=\"5 minutes\" \/>\n<script type=\"application\/ld+json\" class=\"yoast-schema-graph\">{\"@context\":\"https:\\\/\\\/schema.org\",\"@graph\":[{\"@type\":\"Article\",\"@id\":\"https:\\\/\\\/www.yslretrospective.com\\\/index.php\\\/2021\\\/12\\\/29\\\/tuto-facile-masque-cheveux-a-la-maizena\\\/#article\",\"isPartOf\":{\"@id\":\"https:\\\/\\\/www.yslretrospective.com\\\/index.php\\\/2021\\\/12\\\/29\\\/tuto-facile-masque-cheveux-a-la-maizena\\\/\"},\"author\":{\"name\":\"\",\"@id\":\"\"},\"headline\":\"Tuto facile: masque cheveux \u00e0 la ma\u00efzena\",\"datePublished\":\"2021-12-29T08:17:00+00:00\",\"mainEntityOfPage\":{\"@id\":\"https:\\\/\\\/www.yslretrospective.com\\\/index.php\\\/2021\\\/12\\\/29\\\/tuto-facile-masque-cheveux-a-la-maizena\\\/\"},\"wordCount\":983,\"commentCount\":0,\"image\":{\"@id\":\"https:\\\/\\\/www.yslretrospective.com\\\/index.php\\\/2021\\\/12\\\/29\\\/tuto-facile-masque-cheveux-a-la-maizena\\\/#primaryimage\"},\"thumbnailUrl\":\"https:\\\/\\\/www.yslretrospective.com\\\/wp-content\\\/uploads\\\/2021\\\/12\\\/Tuto_facile_masque_cheveux_a_la_maizena.jpg\",\"articleSection\":[\"Maternit\u00e9 et b\u00e9b\u00e9\"],\"inLanguage\":\"fr-FR\",\"potentialAction\":[{\"@type\":\"CommentAction\",\"name\":\"Comment\",\"target\":[\"https:\\\/\\\/www.yslretrospective.com\\\/index.php\\\/2021\\\/12\\\/29\\\/tuto-facile-masque-cheveux-a-la-maizena\\\/#respond\"]}]},{\"@type\":\"WebPage\",\"@id\":\"https:\\\/\\\/www.yslretrospective.com\\\/index.php\\\/2021\\\/12\\\/29\\\/tuto-facile-masque-cheveux-a-la-maizena\\\/\",\"url\":\"https:\\\/\\\/www.yslretrospective.com\\\/index.php\\\/2021\\\/12\\\/29\\\/tuto-facile-masque-cheveux-a-la-maizena\\\/\",\"name\":\"Des cheveux plus sains grce au masque cheveux ma&iuml;zena.\",\"isPartOf\":{\"@id\":\"https:\\\/\\\/www.yslretrospective.com\\\/#website\"},\"primaryImageOfPage\":{\"@id\":\"https:\\\/\\\/www.yslretrospective.com\\\/index.php\\\/2021\\\/12\\\/29\\\/tuto-facile-masque-cheveux-a-la-maizena\\\/#primaryimage\"},\"image\":{\"@id\":\"https:\\\/\\\/www.yslretrospective.com\\\/index.php\\\/2021\\\/12\\\/29\\\/tuto-facile-masque-cheveux-a-la-maizena\\\/#primaryimage\"},\"thumbnailUrl\":\"https:\\\/\\\/www.yslretrospective.com\\\/wp-content\\\/uploads\\\/2021\\\/12\\\/Tuto_facile_masque_cheveux_a_la_maizena.jpg\",\"datePublished\":\"2021-12-29T08:17:00+00:00\",\"author\":{\"@id\":\"\"},\"description\":\"Le masque cheveux ma&iuml;zena est un soin naturel s&rsquo;adaptant &agrave; tous les types de cheveux.\",\"breadcrumb\":{\"@id\":\"https:\\\/\\\/www.yslretrospective.com\\\/index.php\\\/2021\\\/12\\\/29\\\/tuto-facile-masque-cheveux-a-la-maizena\\\/#breadcrumb\"},\"inLanguage\":\"fr-FR\",\"potentialAction\":[{\"@type\":\"ReadAction\",\"target\":[\"https:\\\/\\\/www.yslretrospective.com\\\/index.php\\\/2021\\\/12\\\/29\\\/tuto-facile-masque-cheveux-a-la-maizena\\\/\"]}]},{\"@type\":\"ImageObject\",\"inLanguage\":\"fr-FR\",\"@id\":\"https:\\\/\\\/www.yslretrospective.com\\\/index.php\\\/2021\\\/12\\\/29\\\/tuto-facile-masque-cheveux-a-la-maizena\\\/#primaryimage\",\"url\":\"https:\\\/\\\/www.yslretrospective.com\\\/wp-content\\\/uploads\\\/2021\\\/12\\\/Tuto_facile_masque_cheveux_a_la_maizena.jpg\",\"contentUrl\":\"https:\\\/\\\/www.yslretrospective.com\\\/wp-content\\\/uploads\\\/2021\\\/12\\\/Tuto_facile_masque_cheveux_a_la_maizena.jpg\",\"width\":1280,\"height\":827},{\"@type\":\"BreadcrumbList\",\"@id\":\"https:\\\/\\\/www.yslretrospective.com\\\/index.php\\\/2021\\\/12\\\/29\\\/tuto-facile-masque-cheveux-a-la-maizena\\\/#breadcrumb\",\"itemListElement\":[{\"@type\":\"ListItem\",\"position\":1,\"name\":\"Accueil\",\"item\":\"https:\\\/\\\/www.yslretrospective.com\\\/\"},{\"@type\":\"ListItem\",\"position\":2,\"name\":\"Tuto facile: masque cheveux \u00e0 la ma\u00efzena\"}]},{\"@type\":\"WebSite\",\"@id\":\"https:\\\/\\\/www.yslretrospective.com\\\/#website\",\"url\":\"https:\\\/\\\/www.yslretrospective.com\\\/\",\"name\":\"yslretrospective.com\",\"description\":\"\",\"potentialAction\":[{\"@type\":\"SearchAction\",\"target\":{\"@type\":\"EntryPoint\",\"urlTemplate\":\"https:\\\/\\\/www.yslretrospective.com\\\/?s={search_term_string}\"},\"query-input\":{\"@type\":\"PropertyValueSpecification\",\"valueRequired\":true,\"valueName\":\"search_term_string\"}}],\"inLanguage\":\"fr-FR\"}]}<\/script>\n<!-- \/ Yoast SEO plugin. -->","yoast_head_json":{"title":"Des cheveux plus sains grce au masque cheveux ma&iuml;zena.","description":"Le masque cheveux ma&iuml;zena est un soin naturel s&rsquo;adaptant &agrave; tous les types de cheveux.","robots":{"index":"index","follow":"follow","max-snippet":"max-snippet:-1","max-image-preview":"max-image-preview:large","max-video-preview":"max-video-preview:-1"},"canonical":"https:\/\/www.yslretrospective.com\/index.php\/2021\/12\/29\/tuto-facile-masque-cheveux-a-la-maizena\/","og_locale":"fr_FR","og_type":"article","og_title":"Des cheveux plus sains grce au masque cheveux ma&iuml;zena.","og_description":"Le masque cheveux ma&iuml;zena est un soin naturel s&rsquo;adaptant &agrave; tous les types de cheveux.","og_url":"https:\/\/www.yslretrospective.com\/index.php\/2021\/12\/29\/tuto-facile-masque-cheveux-a-la-maizena\/","og_site_name":"yslretrospective.com","article_published_time":"2021-12-29T08:17:00+00:00","og_image":[{"width":1280,"height":827,"url":"https:\/\/www.yslretrospective.com\/wp-content\/uploads\/2021\/12\/Tuto_facile_masque_cheveux_a_la_maizena.jpg","type":"image\/jpeg"}],"twitter_card":"summary_large_image","twitter_misc":{"Est. reading time":"5 minutes"},"schema":{"@context":"https:\/\/schema.org","@graph":[{"@type":"Article","@id":"https:\/\/www.yslretrospective.com\/index.php\/2021\/12\/29\/tuto-facile-masque-cheveux-a-la-maizena\/#article","isPartOf":{"@id":"https:\/\/www.yslretrospective.com\/index.php\/2021\/12\/29\/tuto-facile-masque-cheveux-a-la-maizena\/"},"author":{"name":"","@id":""},"headline":"Tuto facile: masque cheveux \u00e0 la ma\u00efzena","datePublished":"2021-12-29T08:17:00+00:00","mainEntityOfPage":{"@id":"https:\/\/www.yslretrospective.com\/index.php\/2021\/12\/29\/tuto-facile-masque-cheveux-a-la-maizena\/"},"wordCount":983,"commentCount":0,"image":{"@id":"https:\/\/www.yslretrospective.com\/index.php\/2021\/12\/29\/tuto-facile-masque-cheveux-a-la-maizena\/#primaryimage"},"thumbnailUrl":"https:\/\/www.yslretrospective.com\/wp-content\/uploads\/2021\/12\/Tuto_facile_masque_cheveux_a_la_maizena.jpg","articleSection":["Maternit\u00e9 et b\u00e9b\u00e9"],"inLanguage":"fr-FR","potentialAction":[{"@type":"CommentAction","name":"Comment","target":["https:\/\/www.yslretrospective.com\/index.php\/2021\/12\/29\/tuto-facile-masque-cheveux-a-la-maizena\/#respond"]}]},{"@type":"WebPage","@id":"https:\/\/www.yslretrospective.com\/index.php\/2021\/12\/29\/tuto-facile-masque-cheveux-a-la-maizena\/","url":"https:\/\/www.yslretrospective.com\/index.php\/2021\/12\/29\/tuto-facile-masque-cheveux-a-la-maizena\/","name":"Des cheveux plus sains grce au masque cheveux ma&iuml;zena.","isPartOf":{"@id":"https:\/\/www.yslretrospective.com\/#website"},"primaryImageOfPage":{"@id":"https:\/\/www.yslretrospective.com\/index.php\/2021\/12\/29\/tuto-facile-masque-cheveux-a-la-maizena\/#primaryimage"},"image":{"@id":"https:\/\/www.yslretrospective.com\/index.php\/2021\/12\/29\/tuto-facile-masque-cheveux-a-la-maizena\/#primaryimage"},"thumbnailUrl":"https:\/\/www.yslretrospective.com\/wp-content\/uploads\/2021\/12\/Tuto_facile_masque_cheveux_a_la_maizena.jpg","datePublished":"2021-12-29T08:17:00+00:00","author":{"@id":""},"description":"Le masque cheveux ma&iuml;zena est un soin naturel s&rsquo;adaptant &agrave; tous les types de cheveux.","breadcrumb":{"@id":"https:\/\/www.yslretrospective.com\/index.php\/2021\/12\/29\/tuto-facile-masque-cheveux-a-la-maizena\/#breadcrumb"},"inLanguage":"fr-FR","potentialAction":[{"@type":"ReadAction","target":["https:\/\/www.yslretrospective.com\/index.php\/2021\/12\/29\/tuto-facile-masque-cheveux-a-la-maizena\/"]}]},{"@type":"ImageObject","inLanguage":"fr-FR","@id":"https:\/\/www.yslretrospective.com\/index.php\/2021\/12\/29\/tuto-facile-masque-cheveux-a-la-maizena\/#primaryimage","url":"https:\/\/www.yslretrospective.com\/wp-content\/uploads\/2021\/12\/Tuto_facile_masque_cheveux_a_la_maizena.jpg","contentUrl":"https:\/\/www.yslretrospective.com\/wp-content\/uploads\/2021\/12\/Tuto_facile_masque_cheveux_a_la_maizena.jpg","width":1280,"height":827},{"@type":"BreadcrumbList","@id":"https:\/\/www.yslretrospective.com\/index.php\/2021\/12\/29\/tuto-facile-masque-cheveux-a-la-maizena\/#breadcrumb","itemListElement":[{"@type":"ListItem","position":1,"name":"Accueil","item":"https:\/\/www.yslretrospective.com\/"},{"@type":"ListItem","position":2,"name":"Tuto facile: masque cheveux \u00e0 la ma\u00efzena"}]},{"@type":"WebSite","@id":"https:\/\/www.yslretrospective.com\/#website","url":"https:\/\/www.yslretrospective.com\/","name":"yslretrospective.com","description":"","potentialAction":[{"@type":"SearchAction","target":{"@type":"EntryPoint","urlTemplate":"https:\/\/www.yslretrospective.com\/?s={search_term_string}"},"query-input":{"@type":"PropertyValueSpecification","valueRequired":true,"valueName":"search_term_string"}}],"inLanguage":"fr-FR"}]}},"_links":{"self":[{"href":"https:\/\/www.yslretrospective.com\/index.php\/wp-json\/wp\/v2\/posts\/197","targetHints":{"allow":["GET"]}}],"collection":[{"href":"https:\/\/www.yslretrospective.com\/index.php\/wp-json\/wp\/v2\/posts"}],"about":[{"href":"https:\/\/www.yslretrospective.com\/index.php\/wp-json\/wp\/v2\/types\/post"}],"replies":[{"embeddable":true,"href":"https:\/\/www.yslretrospective.com\/index.php\/wp-json\/wp\/v2\/comments?post=197"}],"version-history":[{"count":0,"href":"https:\/\/www.yslretrospective.com\/index.php\/wp-json\/wp\/v2\/posts\/197\/revisions"}],"wp:featuredmedia":[{"embeddable":true,"href":"https:\/\/www.yslretrospective.com\/index.php\/wp-json\/wp\/v2\/media\/198"}],"wp:attachment":[{"href":"https:\/\/www.yslretrospective.com\/index.php\/wp-json\/wp\/v2\/media?parent=197"}],"wp:term":[{"taxonomy":"category","embeddable":true,"href":"https:\/\/www.yslretrospective.com\/index.php\/wp-json\/wp\/v2\/categories?post=197"},{"taxonomy":"post_tag","embeddable":true,"href":"https:\/\/www.yslretrospective.com\/index.php\/wp-json\/wp\/v2\/tags?post=197"}],"curies":[{"name":"wp","href":"https:\/\/api.w.org\/{rel}","templated":true}]}}